{"id":492,"date":"2020-05-15T09:02:09","date_gmt":"2020-05-15T08:02:09","guid":{"rendered":"https:\/\/www.hermann-direkt.de\/magazin\/?p=492"},"modified":"2024-12-02T14:11:20","modified_gmt":"2024-12-02T13:11:20","slug":"elektroauto-werkstatt","status":"publish","type":"post","link":"https:\/\/www.hermann-direkt.de\/magazin\/elektroauto-werkstatt\/","title":{"rendered":"Was eine Elektroauto-Werkstatt braucht"},"content":{"rendered":"<div id=\"ez-toc-container\" class=\"ez-toc-v2_0_68_1 ez-toc-wrap-center counter-hierarchy ez-toc-counter ez-toc-grey ez-toc-container-direction\">\n<div class=\"ez-toc-title-container\">\n<p class=\"ez-toc-title \" >Inhaltsverzeichnis<\/p>\n<span class=\"ez-toc-title-toggle\"><a href=\"#\" class=\"ez-toc-pull-right ez-toc-btn ez-toc-btn-xs ez-toc-btn-default ez-toc-toggle\" aria-label=\"Toggle Table of Content\"><span class=\"ez-toc-js-icon-con\"><span class=\"\"><span class=\"eztoc-hide\" style=\"display:none;\">Toggle<\/span><span class=\"ez-toc-icon-toggle-span\"><svg style=\"fill: #999;color:#999\" xmlns=\"http:\/\/www.w3.org\/2000\/svg\" class=\"list-377408\" width=\"20px\" height=\"20px\" viewBox=\"0 0 24 24\" fill=\"none\"><path d=\"M6 6H4v2h2V6zm14 0H8v2h12V6zM4 11h2v2H4v-2zm16 0H8v2h12v-2zM4 16h2v2H4v-2zm16 0H8v2h12v-2z\" fill=\"currentColor\"><\/path><\/svg><svg style=\"fill: #999;color:#999\" class=\"arrow-unsorted-368013\" xmlns=\"http:\/\/www.w3.org\/2000\/svg\" width=\"10px\" height=\"10px\" viewBox=\"0 0 24 24\" version=\"1.2\" baseProfile=\"tiny\"><path d=\"M18.2 9.3l-6.2-6.3-6.2 6.3c-.2.2-.3.4-.3.7s.1.5.3.7c.2.2.4.3.7.3h11c.3 0 .5-.1.7-.3.2-.2.3-.5.3-.7s-.1-.5-.3-.7zM5.8 14.7l6.2 6.3 6.2-6.3c.2-.2.3-.5.3-.7s-.1-.5-.3-.7c-.2-.2-.4-.3-.7-.3h-11c-.3 0-.5.1-.7.3-.2.2-.3.5-.3.7s.1.5.3.7z\"\/><\/svg><\/span><\/span><\/span><\/a><\/span><\/div>\n<nav><ul class='ez-toc-list ez-toc-list-level-1 ' ><li class='ez-toc-page-1 ez-toc-heading-level-2'><a class=\"ez-toc-link ez-toc-heading-1\" href=\"https:\/\/www.hermann-direkt.de\/magazin\/elektroauto-werkstatt\/#%C2%AB_E-Mobilitaet_und_Arbeitsorganisation_%C2%BB\" title=\"\u00ab E-Mobilit\u00e4t und Arbeitsorganisation \u00bb\">\u00ab E-Mobilit\u00e4t und Arbeitsorganisation \u00bb<\/a><\/li><li class='ez-toc-page-1 ez-toc-heading-level-2'><a class=\"ez-toc-link ez-toc-heading-2\" href=\"https:\/\/www.hermann-direkt.de\/magazin\/elektroauto-werkstatt\/#Qualifiziertes_Personal_ist_immer_die_Basis\" title=\"Qualifiziertes Personal ist\u00a0immer die Basis\">Qualifiziertes Personal ist\u00a0immer die Basis<\/a><ul class='ez-toc-list-level-3' ><li class='ez-toc-heading-level-3'><a class=\"ez-toc-link ez-toc-heading-3\" href=\"https:\/\/www.hermann-direkt.de\/magazin\/elektroauto-werkstatt\/#Dreistufige_Fortbildung_erforderlich\" title=\"Dreistufige Fortbildung erforderlich\">Dreistufige Fortbildung erforderlich<\/a><\/li><\/ul><\/li><li class='ez-toc-page-1 ez-toc-heading-level-2'><a class=\"ez-toc-link ez-toc-heading-4\" href=\"https:\/\/www.hermann-direkt.de\/magazin\/elektroauto-werkstatt\/#Arbeit_%E2%80%9Eunter_Strom%E2%80%9C_erfordert_ein_adaptiertes_Werkstattsystem\" title=\"Arbeit &#8222;unter Strom&#8220; erfordert ein adaptiertes Werkstattsystem\">Arbeit &#8222;unter Strom&#8220; erfordert ein adaptiertes Werkstattsystem<\/a><ul class='ez-toc-list-level-3' ><li class='ez-toc-heading-level-3'><a class=\"ez-toc-link ez-toc-heading-5\" href=\"https:\/\/www.hermann-direkt.de\/magazin\/elektroauto-werkstatt\/#Werkzeug_fuer_Elektro-_und_Hybridautos\" title=\"Werkzeug f\u00fcr Elektro- und Hybridautos\">Werkzeug f\u00fcr Elektro- und Hybridautos<\/a><\/li><li class='ez-toc-page-1 ez-toc-heading-level-3'><a class=\"ez-toc-link ez-toc-heading-6\" href=\"https:\/\/www.hermann-direkt.de\/magazin\/elektroauto-werkstatt\/#Schutzausruestung_fuer_jeden_Mitarbeiter\" title=\"Schutzausr\u00fcstung f\u00fcr jeden Mitarbeiter\">Schutzausr\u00fcstung f\u00fcr jeden Mitarbeiter<\/a><\/li><li class='ez-toc-page-1 ez-toc-heading-level-3'><a class=\"ez-toc-link ez-toc-heading-7\" href=\"https:\/\/www.hermann-direkt.de\/magazin\/elektroauto-werkstatt\/#Arbeitsplatz_ausreichend_kennzeichnen\" title=\"Arbeitsplatz ausreichend kennzeichnen\">Arbeitsplatz ausreichend kennzeichnen<\/a><\/li><li class='ez-toc-page-1 ez-toc-heading-level-3'><a class=\"ez-toc-link ez-toc-heading-8\" href=\"https:\/\/www.hermann-direkt.de\/magazin\/elektroauto-werkstatt\/#Weitere_Schilder_und_Tafeln_fuer_ein_Top-Organisationssystem\" title=\"Weitere Schilder und Tafeln f\u00fcr ein Top-Organisationssystem\">Weitere Schilder und Tafeln f\u00fcr ein Top-Organisationssystem<\/a><\/li><\/ul><\/li><li class='ez-toc-page-1 ez-toc-heading-level-2'><a class=\"ez-toc-link ez-toc-heading-9\" href=\"https:\/\/www.hermann-direkt.de\/magazin\/elektroauto-werkstatt\/#Nicht_alles_ist_%E2%80%9Enur%E2%80%9C_auf_die_Elektroauto-Werkstatt_ausgelegt\" title=\"Nicht alles ist &#8222;nur&#8220; auf die Elektroauto-Werkstatt ausgelegt\">Nicht alles ist &#8222;nur&#8220; auf die Elektroauto-Werkstatt ausgelegt<\/a><ul class='ez-toc-list-level-3' ><li class='ez-toc-heading-level-3'><a class=\"ez-toc-link ez-toc-heading-10\" href=\"https:\/\/www.hermann-direkt.de\/magazin\/elektroauto-werkstatt\/#Arbeitskarten\" title=\"Arbeitskarten\">Arbeitskarten<\/a><\/li><\/ul><\/li><li class='ez-toc-page-1 ez-toc-heading-level-2'><a class=\"ez-toc-link ez-toc-heading-11\" href=\"https:\/\/www.hermann-direkt.de\/magazin\/elektroauto-werkstatt\/#Auftragstaschen\" title=\"Auftragstaschen\">Auftragstaschen<\/a><ul class='ez-toc-list-level-3' ><li class='ez-toc-heading-level-3'><a class=\"ez-toc-link ez-toc-heading-12\" href=\"https:\/\/www.hermann-direkt.de\/magazin\/elektroauto-werkstatt\/#Werkstattplaner_und_Terminkalender\" title=\"Werkstattplaner und Terminkalender\">Werkstattplaner und Terminkalender<\/a><\/li><li class='ez-toc-page-1 ez-toc-heading-level-3'><a class=\"ez-toc-link ez-toc-heading-13\" href=\"https:\/\/www.hermann-direkt.de\/magazin\/elektroauto-werkstatt\/#Alles_fuer_die_Reifen\" title=\"Alles\u00a0f\u00fcr\u00a0die\u00a0Reifen\">Alles\u00a0f\u00fcr\u00a0die\u00a0Reifen<\/a><\/li><li class='ez-toc-page-1 ez-toc-heading-level-3'><a class=\"ez-toc-link ez-toc-heading-14\" href=\"https:\/\/www.hermann-direkt.de\/magazin\/elektroauto-werkstatt\/#Dellen-_und_Kratzermarkierungen\" title=\"Dellen- und Kratzermarkierungen\">Dellen- und Kratzermarkierungen<\/a><\/li><li class='ez-toc-page-1 ez-toc-heading-level-3'><a class=\"ez-toc-link ez-toc-heading-15\" href=\"https:\/\/www.hermann-direkt.de\/magazin\/elektroauto-werkstatt\/#LED-Werkstattlampen\" title=\"LED-Werkstattlampen\">LED-Werkstattlampen<\/a><\/li><\/ul><\/li><li class='ez-toc-page-1 ez-toc-heading-level-2'><a class=\"ez-toc-link ez-toc-heading-16\" href=\"https:\/\/www.hermann-direkt.de\/magazin\/elektroauto-werkstatt\/#Gute_Arbeitsorganisation_ist_alles\" title=\"Gute Arbeitsorganisation ist alles\">Gute Arbeitsorganisation ist alles<\/a><\/li><\/ul><\/nav><\/div>\n<h2><span class=\"ez-toc-section\" id=\"%C2%AB_E-Mobilitaet_und_Arbeitsorganisation_%C2%BB\"><\/span>\u00ab E-Mobilit\u00e4t und Arbeitsorganisation \u00bb<span class=\"ez-toc-section-end\"><\/span><\/h2>\n<p style=\"text-align: justify;\"><b><span data-contrast=\"auto\">Noch sind relativ wenige Elektroautos auf Deutschlands Stra\u00dfen unterwegs. In Anbetracht der E-Mobilit\u00e4ts-Offensiven verschiedener Automobilhersteller d\u00fcrfte sich dies in den n\u00e4chsten f\u00fcnf bis zehn Jahren zunehmend \u00e4ndern. Je fr\u00fcher Sie anfangen, Ihren Betrieb zu einer Elektroauto-Werkstatt umzur\u00fcsten, desto besser und flie\u00dfender gelingt Ihnen der \u00dcbergang. Wir beschreiben wesentliche Aspekte rund um die notwendige Arbeitsplatz-Anpassung und geben Tipps zu einer optimalen\u00a0<\/span><\/b><a href=\"https:\/\/www.hermann-direkt.de\/werkstattorganisation\"><b><span data-contrast=\"none\">Arbeitsorganisation in\u00a0<\/span><\/b><b><span data-contrast=\"none\">der Werkstatt<\/span><\/b><\/a><b><span data-contrast=\"auto\">\u00a0f\u00fcr E-Autos<\/span><\/b><b><span data-contrast=\"auto\">.<\/span><\/b><\/p>\n<h2><span class=\"ez-toc-section\" id=\"Qualifiziertes_Personal_ist_immer_die_Basis\"><\/span><span data-contrast=\"auto\">Qualifiziertes Personal ist<\/span><span data-contrast=\"auto\">\u00a0immer die Basis<\/span><span class=\"ez-toc-section-end\"><\/span><\/h2>\n<p style=\"text-align: justify;\"><span data-contrast=\"auto\">Ehe Sie dar\u00fcber nachdenken, wie Sie Ihre Werkstatt gut mit dem Elektroauto in Einklang bringen, sollten Sie Ihre Mitarbeiter umfassend auf die neue Technologie und die damit verbundenen Ver\u00e4nderungen im Arbeitsalltag vorbereiten. \u00dcberhaupt ist es einzig und allein unterwiesenem Fachpersonal erlaubt, Wartungen, Reparaturen und andere Service-Leistungen an Elektrofahrzeugen durchzuf\u00fchren. Ohne die entsprechende Qualifizierung darf ein Mechaniker bei einem elektrifizierten Pkw nicht einmal die Reifen wechseln.<\/span><\/p>\n<figure id=\"attachment_498\" aria-describedby=\"caption-attachment-498\" style=\"width: 900px\" class=\"wp-caption aligncenter\"><img loading=\"lazy\" decoding=\"async\" class=\"wp-image-498 size-full\" title=\"Mechaniker ben\u00f6tigen entsprechende Qualifizierungen, um an einem Elektroauto arbeiten zu d\u00fcrfen\" src=\"https:\/\/www.hermann-direkt.de\/magazin\/wp-content\/uploads\/2020\/06\/Mechaniker-repariert-Elektroauto.jpg\" alt=\"Mechaniker repariert Elektroauto elektroauto-werkstatt\" width=\"900\" height=\"628\" srcset=\"https:\/\/www.hermann-direkt.de\/magazin\/wp-content\/uploads\/2020\/06\/Mechaniker-repariert-Elektroauto.jpg 900w, https:\/\/www.hermann-direkt.de\/magazin\/wp-content\/uploads\/2020\/06\/Mechaniker-repariert-Elektroauto-300x209.jpg 300w, https:\/\/www.hermann-direkt.de\/magazin\/wp-content\/uploads\/2020\/06\/Mechaniker-repariert-Elektroauto-768x536.jpg 768w\" sizes=\"(max-width: 900px) 100vw, 900px\" \/><figcaption id=\"caption-attachment-498\" class=\"wp-caption-text\">\u00a9 RioPatuca Images \u2013 stock.adobe.com<\/figcaption><\/figure>\n<h3><span class=\"ez-toc-section\" id=\"Dreistufige_Fortbildung_erforderlich\"><\/span><span data-contrast=\"auto\">Dreistufige Fortbildung erforderlich<\/span><span class=\"ez-toc-section-end\"><\/span><\/h3>\n<p style=\"text-align: justify;\"><span data-contrast=\"auto\">Jeder Mitarbeiter einer Elektroauto-Werkstatt muss zun\u00e4chst eine dreistufige Fortbildung absolvieren, bevor er bei E-Autos freie Bahn hat.<\/span><\/p>\n<ul style=\"text-align: justify;\">\n<li data-leveltext=\"-\" data-font=\"Calibri\" data-listid=\"2\" aria-setsize=\"-1\" data-aria-posinset=\"0\" data-aria-level=\"1\"><span data-contrast=\"auto\">Nach Stufe 1 ist es immerhin gestattet, Fahrzeuge mit Hochvolt-Technik zu ber\u00fchren &#8211; allerdings nur, solange keine spannungsf\u00fchrenden Autoteile in der N\u00e4he sind.<\/span><\/li>\n<li data-leveltext=\"-\" data-font=\"Calibri\" data-listid=\"2\" aria-setsize=\"-1\" data-aria-posinset=\"0\" data-aria-level=\"1\"><span data-contrast=\"auto\">Bei Stufe 2 kommen dann schon umfassendere Arbeiten am Elektroauto infrage.<\/span><\/li>\n<li data-leveltext=\"-\" data-font=\"Calibri\" data-listid=\"2\" aria-setsize=\"-1\" data-aria-posinset=\"0\" data-aria-level=\"1\"><span data-contrast=\"auto\">Nach Stufe 3 gibt es keine Einschr\u00e4nkungen mehr, sodass sich der Mitarbeiter auch an T\u00e4tigkeiten direkt am Hochvolt-System heranwagen kann.<\/span><\/li>\n<\/ul>\n<p style=\"text-align: justify;\"><span data-contrast=\"auto\">Auf dem Weg dahin nimmt der &#8222;Lehrling&#8220; \u00fcber 100 Unterrichtsstunden. Die Seminare werden unter anderem\u00a0<\/span><span data-contrast=\"auto\">durch\u00a0<\/span><span data-contrast=\"auto\">T\u00dcV und Dekra sowie von einigen Autoherstellern und Zulieferern angeboten.<\/span><\/p>\n<h2><span class=\"ez-toc-section\" id=\"Arbeit_%E2%80%9Eunter_Strom%E2%80%9C_erfordert_ein_adaptiertes_Werkstattsystem\"><\/span><span data-contrast=\"auto\">Arbeit &#8222;unter Strom&#8220; erfordert ein adaptiertes Werkstattsystem<\/span><span class=\"ez-toc-section-end\"><\/span><\/h2>\n<p style=\"text-align: justify;\"><span data-contrast=\"auto\">Der obligatorische \u00d6lwechsel und auch andere typische Arbeiten in der traditionellen Kfz-Werkstatt fallen in einem modernen Elektroauto-Betrieb zur G\u00e4nze weg. Stattdessen besch\u00e4ftigen sich die Mitarbeiter mit Elektromotoren, Hochvolt-Batterien und anderen Komponenten, die in Autos mit klassischem Verbrennungsmotor nie vorgekommen sind. Nat\u00fcrlich erfordern all diese Unterschiede ein angepasstes Werkstattsystem.<\/span><\/p>\n<figure id=\"attachment_501\" aria-describedby=\"caption-attachment-501\" style=\"width: 900px\" class=\"wp-caption aligncenter\"><img loading=\"lazy\" decoding=\"async\" class=\"wp-image-501 size-full\" title=\"Motor eines Elektroautos im Detail\" src=\"https:\/\/www.hermann-direkt.de\/magazin\/wp-content\/uploads\/2020\/06\/elektroauto-motor.jpg\" alt=\"elektroauto-motor-elektroauto-werkstatt\" width=\"900\" height=\"600\" srcset=\"https:\/\/www.hermann-direkt.de\/magazin\/wp-content\/uploads\/2020\/06\/elektroauto-motor.jpg 900w, https:\/\/www.hermann-direkt.de\/magazin\/wp-content\/uploads\/2020\/06\/elektroauto-motor-300x200.jpg 300w, https:\/\/www.hermann-direkt.de\/magazin\/wp-content\/uploads\/2020\/06\/elektroauto-motor-768x512.jpg 768w\" sizes=\"(max-width: 900px) 100vw, 900px\" \/><figcaption id=\"caption-attachment-501\" class=\"wp-caption-text\">\u00a9 bong \u2013 stock.adobe.com<\/figcaption><\/figure>\n<h3><span class=\"ez-toc-section\" id=\"Werkzeug_fuer_Elektro-_und_Hybridautos\"><\/span><span data-contrast=\"auto\">Werkzeug f\u00fcr Elektro- und Hybridautos<\/span><span class=\"ez-toc-section-end\"><\/span><\/h3>\n<p style=\"text-align: justify;\"><span data-contrast=\"auto\">Unumg\u00e4nglich ist es, den Arbeitsplatz mit ad\u00e4quatem Werkzeug f\u00fcr E-Autos auszur\u00fcsten. Nur so lassen sich Arbeiten an den elektrifizierten Fahrzeugen fachkundig meistern. Konkret bedeutet das, dass Sie sich eine umfangreiche Ausstattung mit VDE-Werkzeugen zulegen m\u00fcssen. Der VDE ist der deutsche &#8222;Verband der Elektrotechnik, Elektronik und Informationstechnik&#8220;. VDE-Werkzeuge zeichnen sich vor allem dadurch aus, dass sie f\u00fcr Arbeiten unter Spannung bis 1.000 Volt (AC) und 1.500 Volt (DC) geeignet sind.<\/span><\/p>\n<blockquote>\n<p style=\"text-align: justify;\"><span data-contrast=\"auto\">Zu den wichtigsten Elementen f\u00fcr eine funktionierende Elektroauto-Werkstatt geh\u00f6ren Pr\u00fcfger\u00e4te zur Messung von Gleich- und Wechselspannung, f\u00fcr die Widerstands- und Durchgangspr\u00fcfung sowie f\u00fcr\u00a0<\/span><span data-contrast=\"auto\">Diodentests<\/span><span data-contrast=\"auto\">\u00a0und die kontaktlose Spannungspr\u00fcfung.<\/span><\/p>\n<\/blockquote>\n<h3><span class=\"ez-toc-section\" id=\"Schutzausruestung_fuer_jeden_Mitarbeiter\"><\/span><span data-contrast=\"auto\">Schutzausr\u00fcstung f\u00fcr jeden Mitarbeiter<\/span><span class=\"ez-toc-section-end\"><\/span><\/h3>\n<p style=\"text-align: justify;\"><span data-contrast=\"auto\">Um die n\u00f6tige Arbeitssicherheit zu gew\u00e4hrleisten, ist geeignete Schutzkleidung essenziell. Jeder Mitarbeiter in der E-Autowerkstatt sollte eine antistatische Hose und Bundjacke tragen. Des Weiteren sind Sicherheitsschuhe der metallfreien Sicherheitsklasse S3 und zuverl\u00e4ssige Spannungsschutz-Handschuhe elementar.<\/span><\/p>\n<h3><span class=\"ez-toc-section\" id=\"Arbeitsplatz_ausreichend_kennzeichnen\"><\/span><span data-contrast=\"auto\">Arbeitsplatz ausreichend kennzeichnen<\/span><span class=\"ez-toc-section-end\"><\/span><\/h3>\n<p style=\"text-align: justify;\"><span data-contrast=\"auto\">Wenn wir schon beim Thema Schutz und Sicherheit sind: Der Wechsel von Kraftstoff auf elektrische Energie geht auch mit Ver\u00e4nderungen hinsichtlich der Unfallgefahren bei der Arbeit mit den Elektroautos einher. <\/span><span data-contrast=\"auto\">Ein positiver Effekt ist die Tatsache, dass in einer reinen Elektroauto-Werkstatt keinerlei Abgasbelastung mehr vorliegt. <\/span><span data-contrast=\"auto\">Doch jeder wei\u00df, dass die elektrische Energie mit enormen Risiken verbunden ist, wenn man ungewollt mit ihr in Ber\u00fchrung kommt\u00a0<\/span><span data-contrast=\"auto\">\u2013 <\/span><span data-contrast=\"auto\">Stichwort Stromschlag.<\/span><\/p>\n<p><center><a href=\"https:\/\/www.hermann-direkt.de\/magnettraeger-arbeiten-an-hochvolt-hv-rot-mit-gelbem-warndreieck\"><img loading=\"lazy\" decoding=\"async\" class=\"alignnone wp-image-507 size-full\" title=\"Magnettr\u00e4ger &quot;Arbeiten an Hochvolt (HV)&quot;, rot mit gelbem Warndreieck\" src=\"https:\/\/www.hermann-direkt.de\/magazin\/wp-content\/uploads\/2020\/06\/magnettraeger-arbeiten-an-hochvolt-hv-rot-mit-gelbem-warndreieck.jpg\" alt=\"magnettraeger-arbeiten-an-hochvolt-hv-rot-mit-gelbem-warndreieck-elektroauto-werkstatt\" width=\"400\" height=\"400\" srcset=\"https:\/\/www.hermann-direkt.de\/magazin\/wp-content\/uploads\/2020\/06\/magnettraeger-arbeiten-an-hochvolt-hv-rot-mit-gelbem-warndreieck.jpg 400w, https:\/\/www.hermann-direkt.de\/magazin\/wp-content\/uploads\/2020\/06\/magnettraeger-arbeiten-an-hochvolt-hv-rot-mit-gelbem-warndreieck-300x300.jpg 300w, https:\/\/www.hermann-direkt.de\/magazin\/wp-content\/uploads\/2020\/06\/magnettraeger-arbeiten-an-hochvolt-hv-rot-mit-gelbem-warndreieck-150x150.jpg 150w\" sizes=\"(max-width: 400px) 100vw, 400px\" \/><\/a> <a href=\"https:\/\/www.hermann-direkt.de\/kennzeichnungsschild-sicherheitsbereich-hochvolt-hv\"><img loading=\"lazy\" decoding=\"async\" class=\"alignnone wp-image-508 size-full\" title=\"Kennzeichnungsschild &quot;Sicherheitsbereich Hochvolt (HV)&quot;\" src=\"https:\/\/www.hermann-direkt.de\/magazin\/wp-content\/uploads\/2020\/06\/kennzeichnungsschild-sicherheitsbereich-hochvolt-hv.jpg\" alt=\"kennzeichnungsschild-sicherheitsbereich-hochvolt-hv-elektroauto-werkstatt\" width=\"400\" height=\"400\" srcset=\"https:\/\/www.hermann-direkt.de\/magazin\/wp-content\/uploads\/2020\/06\/kennzeichnungsschild-sicherheitsbereich-hochvolt-hv.jpg 400w, https:\/\/www.hermann-direkt.de\/magazin\/wp-content\/uploads\/2020\/06\/kennzeichnungsschild-sicherheitsbereich-hochvolt-hv-300x300.jpg 300w, https:\/\/www.hermann-direkt.de\/magazin\/wp-content\/uploads\/2020\/06\/kennzeichnungsschild-sicherheitsbereich-hochvolt-hv-150x150.jpg 150w\" sizes=\"(max-width: 400px) 100vw, 400px\" \/><\/a><\/center><\/p>\n<p style=\"text-align: justify;\"><span data-contrast=\"auto\">Deshalb <\/span><span data-contrast=\"auto\">ist<\/span><span data-contrast=\"auto\">\u00a0in Ihrer Autowerkstatt<\/span><span data-contrast=\"auto\">\u00a0die\u00a0<\/span><a href=\"https:\/\/www.hermann-direkt.de\/werkstattorganisation\/arbeitsplatz-kennzeichnung\"><span data-contrast=\"none\">Arbeitsplatzkennzeichnung<\/span><\/a><span data-contrast=\"auto\">\u00a0vorgeschrieben. So ist klar ersichtlich, wo<\/span><span data-contrast=\"auto\">\u00a0Arbeiten an\u00a0<\/span><span data-contrast=\"auto\">Hochvolt<\/span><span data-contrast=\"auto\"> stattfinden.\u00a0<\/span><span data-contrast=\"auto\">Zu diesem Zweck gibt es beispielsweise Hinweisschilder in diversen Gr\u00f6\u00dfen oder auch praktische Magnettr\u00e4ger, die dort, wo sie positioniert werden, die Mitarbeiter darauf aufmerksam machen, dass\u00a0<\/span><span data-contrast=\"auto\">Hochvolt<\/span><span data-contrast=\"auto\">\u00a0im Spiel und deshalb h\u00f6chste Vorsicht geboten<\/span><span data-contrast=\"auto\">\u00a0ist<\/span><span data-contrast=\"auto\">. <\/span><span data-contrast=\"auto\">Erg\u00e4nzend k\u00f6nnen Sie auch\u00a0<\/span><a href=\"https:\/\/www.hermann-direkt.de\/werkstattorganisation\/leitbalken-absperrpfosten\"><span data-contrast=\"none\">Absperrpfosten<\/span><\/a><span data-contrast=\"auto\"> einsetzen, um die Bereiche abzugrenzen, die nicht un\u00fcberlegt von jedermann betreten werden sollten.<\/span><\/p>\n<h3><span class=\"ez-toc-section\" id=\"Weitere_Schilder_und_Tafeln_fuer_ein_Top-Organisationssystem\"><\/span><span data-contrast=\"auto\">Weitere Schilder und Tafeln f\u00fcr ein Top-Organisationssystem<\/span><span class=\"ez-toc-section-end\"><\/span><\/h3>\n<p style=\"text-align: justify;\"><span data-contrast=\"auto\">\u00dcberdies empfiehlt es sich, mehrere Schilder mit der Aufschrift &#8222;Rauchen verboten&#8220; anzubringen. Auch schlichte, \u00fcbersichtliche Tafeln mit Angaben zu den Stunden- oder Arbeitswertverrechnungss\u00e4tzen k\u00f6nnen n\u00fctzlich sein<\/span><span data-contrast=\"auto\">.<\/span><\/p>\n<p><center><a href=\"https:\/\/www.hermann-direkt.de\/tafel-stunden-verrechnungssaetze\"><img loading=\"lazy\" decoding=\"async\" class=\"alignnone wp-image-514 size-full\" title=\"Tafel &quot;Stunden-Verrechnungss\u00e4tze&quot;\" src=\"https:\/\/www.hermann-direkt.de\/magazin\/wp-content\/uploads\/2020\/06\/tafel-stunden-verrechnungssaetze.jpg\" alt=\"tafel-stunden-verrechnungssaetze\" width=\"400\" height=\"400\" srcset=\"https:\/\/www.hermann-direkt.de\/magazin\/wp-content\/uploads\/2020\/06\/tafel-stunden-verrechnungssaetze.jpg 400w, https:\/\/www.hermann-direkt.de\/magazin\/wp-content\/uploads\/2020\/06\/tafel-stunden-verrechnungssaetze-300x300.jpg 300w, https:\/\/www.hermann-direkt.de\/magazin\/wp-content\/uploads\/2020\/06\/tafel-stunden-verrechnungssaetze-150x150.jpg 150w\" sizes=\"(max-width: 400px) 100vw, 400px\" \/><\/a> <a href=\"https:\/\/www.hermann-direkt.de\/aufkleber-rauchen-verboten-in-4-groessen\"><img loading=\"lazy\" decoding=\"async\" class=\"alignnone wp-image-515 size-full\" title=\"Aufkleber &quot;Rauchen verboten&quot; in 4 Gr\u00f6\u00dfen - \u00d8 52 mm\" src=\"https:\/\/www.hermann-direkt.de\/magazin\/wp-content\/uploads\/2020\/06\/aufkleber-rauchen-verboten-in-4-groessen.jpg\" alt=\"aufkleber-rauchen-verboten-in-4-groessen\" width=\"400\" height=\"400\" srcset=\"https:\/\/www.hermann-direkt.de\/magazin\/wp-content\/uploads\/2020\/06\/aufkleber-rauchen-verboten-in-4-groessen.jpg 400w, https:\/\/www.hermann-direkt.de\/magazin\/wp-content\/uploads\/2020\/06\/aufkleber-rauchen-verboten-in-4-groessen-300x300.jpg 300w, https:\/\/www.hermann-direkt.de\/magazin\/wp-content\/uploads\/2020\/06\/aufkleber-rauchen-verboten-in-4-groessen-150x150.jpg 150w\" sizes=\"(max-width: 400px) 100vw, 400px\" \/><\/a><\/center><\/p>\n<h2><span class=\"ez-toc-section\" id=\"Nicht_alles_ist_%E2%80%9Enur%E2%80%9C_auf_die_Elektroauto-Werkstatt_ausgelegt\"><\/span><span data-contrast=\"auto\">Nicht alles ist &#8222;nur&#8220; auf die Elektroauto-Werkstatt ausgelegt<\/span><span class=\"ez-toc-section-end\"><\/span><\/h2>\n<p style=\"text-align: justify;\"><span data-contrast=\"auto\">Neben den Utensilien, die ausschlie\u00dflich oder vordergr\u00fcndig der Arbeitsorganisation in Elektroauto-Betrieben dienen, gibt es auch einige Hilfsmittel, die in jeder Autowerkstatt vorhanden sein sollten.<\/span><\/p>\n<h3><span class=\"ez-toc-section\" id=\"Arbeitskarten\"><\/span><span data-contrast=\"auto\">Arbeitskarten<\/span><span class=\"ez-toc-section-end\"><\/span><\/h3>\n<p style=\"text-align: justify;\"><span data-contrast=\"auto\">Um Auftr\u00e4ge unkompliziert und \u00fcbersichtlich zu notieren, sind\u00a0<\/span><a href=\"https:\/\/www.hermann-direkt.de\/werkstattorganisation\/arbeitskarten\"><span data-contrast=\"none\">detailreich vorgedruckte Arbeitskarten<\/span><\/a><span data-contrast=\"auto\"> sehr praktisch. Diese stehen in unterschiedlichen Gr\u00f6\u00dfen und mit verschiedenen Vorlagen (Angaben) zur Verf\u00fcgung.<\/span><\/p>\n<p><a href=\"https:\/\/www.hermann-direkt.de\/arbeitskarten-din-a5-einzelblatt\"><img loading=\"lazy\" decoding=\"async\" class=\"alignnone wp-image-5426\" title=\"Arbeitskarten, DIN A5, Einzelblatt\" src=\"https:\/\/www.hermann-direkt.de\/magazin\/wp-content\/uploads\/2020\/05\/arbeitskarten-din-a5-einzelblatt1-1.jpg\" alt=\"Arbeitskarten, DIN A5, Einzelblatt\" width=\"403\" height=\"576\" srcset=\"https:\/\/www.hermann-direkt.de\/magazin\/wp-content\/uploads\/2020\/05\/arbeitskarten-din-a5-einzelblatt1-1.jpg 400w, https:\/\/www.hermann-direkt.de\/magazin\/wp-content\/uploads\/2020\/05\/arbeitskarten-din-a5-einzelblatt1-1-210x300.jpg 210w\" sizes=\"(max-width: 403px) 100vw, 403px\" \/><\/a> <a href=\"https:\/\/www.hermann-direkt.de\/arbeitskarten-din-a5\"><img loading=\"lazy\" decoding=\"async\" class=\"alignnone wp-image-5427\" title=\"Arbeitskarten DIN A5 - rot\" src=\"https:\/\/www.hermann-direkt.de\/magazin\/wp-content\/uploads\/2020\/05\/arbeitskarten-din-a5.jpg\" alt=\"Arbeitskarten DIN A5 - rot\" width=\"420\" height=\"568\" srcset=\"https:\/\/www.hermann-direkt.de\/magazin\/wp-content\/uploads\/2020\/05\/arbeitskarten-din-a5.jpg 856w, https:\/\/www.hermann-direkt.de\/magazin\/wp-content\/uploads\/2020\/05\/arbeitskarten-din-a5-222x300.jpg 222w, https:\/\/www.hermann-direkt.de\/magazin\/wp-content\/uploads\/2020\/05\/arbeitskarten-din-a5-758x1024.jpg 758w, https:\/\/www.hermann-direkt.de\/magazin\/wp-content\/uploads\/2020\/05\/arbeitskarten-din-a5-768x1038.jpg 768w\" sizes=\"(max-width: 420px) 100vw, 420px\" \/><\/a><\/p>\n<h2 style=\"text-align: justify;\"><span class=\"ez-toc-section\" id=\"Auftragstaschen\"><\/span><span data-contrast=\"auto\">Auftragstaschen<\/span><span class=\"ez-toc-section-end\"><\/span><\/h2>\n<p style=\"text-align: justify;\"><span data-contrast=\"auto\">Damit die ausgef\u00fcllten Arbeitskarten nicht lose i<\/span><span data-contrast=\"auto\">n der Autowerkstatt\u00a0<\/span><span data-contrast=\"auto\">herumliegen und Ihre Mitarbeiter den \u00dcberblick behalten, legt man s\u00e4mtliche Auftragsdokumente am besten\u00a0<\/span><a href=\"https:\/\/www.hermann-direkt.de\/werkstattorganisation\/auftragstaschen\"><span data-contrast=\"none\">in robuste Auftragstaschen<\/span><\/a><span data-contrast=\"auto\">. Diese lassen sich \u00fcber unterschiedliche Farben spezifischen Themen zuordnen &#8211; beispielsweise nach der Dringlichkeit (sehr dringend versus weniger eilig) oder nach der genauen Art des Auftrags (Checken\/Laden\/Austauschen der Hochvolt-Batterie, kleine Reparaturen\u00a0<\/span><span data-contrast=\"auto\">etc.<\/span><span data-contrast=\"auto\">) sortieren und ordnen.<\/span><\/p>\n<p><center><a href=\"https:\/\/www.hermann-direkt.de\/auftragstaschen-din-a4-mit-klappring-und-klett-verschluss-mit-unterlagen-fach-auf-der-rueckseite\"><img loading=\"lazy\" decoding=\"async\" class=\"alignnone wp-image-527 size-full\" title=\"Auftragstaschen DIN A4 mit Klappring und Klett-Verschluss, mit Unterlagen-Fach auf der R\u00fcckseite\" src=\"https:\/\/www.hermann-direkt.de\/magazin\/wp-content\/uploads\/2020\/06\/auftragstaschen-din-a4-mit-klappring-und-klett-verschluss-mit-unterlagen-fach-auf-der-rueckseite.jpg\" alt=\"auftragstaschen-din-a4-mit-klappring-und-klett-verschluss-mit-unterlagen-fach-auf-der-rueckseite\" width=\"400\" height=\"400\" srcset=\"https:\/\/www.hermann-direkt.de\/magazin\/wp-content\/uploads\/2020\/06\/auftragstaschen-din-a4-mit-klappring-und-klett-verschluss-mit-unterlagen-fach-auf-der-rueckseite.jpg 400w, https:\/\/www.hermann-direkt.de\/magazin\/wp-content\/uploads\/2020\/06\/auftragstaschen-din-a4-mit-klappring-und-klett-verschluss-mit-unterlagen-fach-auf-der-rueckseite-300x300.jpg 300w, https:\/\/www.hermann-direkt.de\/magazin\/wp-content\/uploads\/2020\/06\/auftragstaschen-din-a4-mit-klappring-und-klett-verschluss-mit-unterlagen-fach-auf-der-rueckseite-150x150.jpg 150w\" sizes=\"(max-width: 400px) 100vw, 400px\" \/><\/a> <a href=\"https:\/\/www.hermann-direkt.de\/auftragsschutzhuelle-a4-auftragsmappe-mit-unterlagen-fach-leichte-ausfuehrung-pvc-rueckseite-grau\"><img loading=\"lazy\" decoding=\"async\" class=\"alignnone wp-image-528 size-full\" title=\"Auftragsschutzh\u00fclle A4: Auftragsmappe mit Unterlagen-Fach, leichte Ausf\u00fchrung, PVC, R\u00fcckseite grau\" src=\"https:\/\/www.hermann-direkt.de\/magazin\/wp-content\/uploads\/2020\/06\/auftragsschutzhuelle-a4-auftragsmappe-mit-unterlagen-fach-leichte-ausfuehrung-pvc-rueckseite-grau.jpg\" alt=\"auftragsschutzhuelle-a4-auftragsmappe-mit-unterlagen-fach-leichte-ausfuehrung-pvc-rueckseite-grau\" width=\"400\" height=\"400\" srcset=\"https:\/\/www.hermann-direkt.de\/magazin\/wp-content\/uploads\/2020\/06\/auftragsschutzhuelle-a4-auftragsmappe-mit-unterlagen-fach-leichte-ausfuehrung-pvc-rueckseite-grau.jpg 400w, https:\/\/www.hermann-direkt.de\/magazin\/wp-content\/uploads\/2020\/06\/auftragsschutzhuelle-a4-auftragsmappe-mit-unterlagen-fach-leichte-ausfuehrung-pvc-rueckseite-grau-300x300.jpg 300w, https:\/\/www.hermann-direkt.de\/magazin\/wp-content\/uploads\/2020\/06\/auftragsschutzhuelle-a4-auftragsmappe-mit-unterlagen-fach-leichte-ausfuehrung-pvc-rueckseite-grau-150x150.jpg 150w\" sizes=\"(max-width: 400px) 100vw, 400px\" \/><\/a><\/center><\/p>\n<h3><span class=\"ez-toc-section\" id=\"Werkstattplaner_und_Terminkalender\"><\/span><span data-contrast=\"auto\">Werkstattplaner und Terminkalender<\/span><span class=\"ez-toc-section-end\"><\/span><\/h3>\n<p style=\"text-align: justify;\"><span data-contrast=\"auto\">Die angenommenen Auftr\u00e4ge sollten selbstverst\u00e4ndlich auch in einem\u00a0<\/span><a href=\"https:\/\/www.hermann-direkt.de\/werkstattorganisation\/werkstattplaner-plantafeln\"><span data-contrast=\"none\">Werkstattplaner<\/span><\/a><span data-contrast=\"auto\">\u00a0oder\u00a0<\/span><a href=\"https:\/\/www.hermann-direkt.de\/werkstattorganisation\/werkstatt-terminplaner-und-kalender\"><span data-contrast=\"none\">Terminkalender<\/span><\/a><span data-contrast=\"auto\">\u00a0sauber vermerkt werden\u00a0<\/span><span data-contrast=\"auto\">\u2013<\/span><span data-contrast=\"auto\"> schon allein, um die volle \u00dcbersicht zu behalten und die Auftr\u00e4ge wie mit den jeweiligen Kunden vereinbart fertigzustellen.<\/span><\/p>\n<p><center><a href=\"https:\/\/www.hermann-direkt.de\/wochen-terminplaner-din-a2-querformat\"><img loading=\"lazy\" decoding=\"async\" class=\"alignnone wp-image-532 size-full\" title=\"Wochen-Terminplaner, DIN A2-Querformat\" src=\"https:\/\/www.hermann-direkt.de\/magazin\/wp-content\/uploads\/2020\/06\/wochen-terminplaner-din-a2-querformat.jpg\" alt=\"wochen-terminplaner-din-a2-querformat\" width=\"400\" height=\"400\" srcset=\"https:\/\/www.hermann-direkt.de\/magazin\/wp-content\/uploads\/2020\/06\/wochen-terminplaner-din-a2-querformat.jpg 400w, https:\/\/www.hermann-direkt.de\/magazin\/wp-content\/uploads\/2020\/06\/wochen-terminplaner-din-a2-querformat-300x300.jpg 300w, https:\/\/www.hermann-direkt.de\/magazin\/wp-content\/uploads\/2020\/06\/wochen-terminplaner-din-a2-querformat-150x150.jpg 150w\" sizes=\"(max-width: 400px) 100vw, 400px\" \/><\/a> <a href=\"https:\/\/www.hermann-direkt.de\/plantafel-aus-robustem-kunststoff-fuer-din-a4-auftragstaschen-und-formulare\"><img loading=\"lazy\" decoding=\"async\" class=\"alignnone wp-image-533 size-full\" title=\"Plantafel aus robustem Kunststoff f\u00fcr DIN A4 Auftragstaschen und Formulare\" src=\"https:\/\/www.hermann-direkt.de\/magazin\/wp-content\/uploads\/2020\/06\/plantafel-aus-robustem-kunststoff-fuer-din-a4-auftragstaschen-und-formulare.jpg\" alt=\"plantafel-aus-robustem-kunststoff-fuer-din-a4-auftragstaschen-und-formulare\" width=\"400\" height=\"400\" srcset=\"https:\/\/www.hermann-direkt.de\/magazin\/wp-content\/uploads\/2020\/06\/plantafel-aus-robustem-kunststoff-fuer-din-a4-auftragstaschen-und-formulare.jpg 400w, https:\/\/www.hermann-direkt.de\/magazin\/wp-content\/uploads\/2020\/06\/plantafel-aus-robustem-kunststoff-fuer-din-a4-auftragstaschen-und-formulare-300x300.jpg 300w, https:\/\/www.hermann-direkt.de\/magazin\/wp-content\/uploads\/2020\/06\/plantafel-aus-robustem-kunststoff-fuer-din-a4-auftragstaschen-und-formulare-150x150.jpg 150w\" sizes=\"(max-width: 400px) 100vw, 400px\" \/><\/a><\/center><\/p>\n<h3><span class=\"ez-toc-section\" id=\"Alles_fuer_die_Reifen\"><\/span><span data-contrast=\"auto\">Alles<\/span><span data-contrast=\"auto\">\u00a0<\/span><span data-contrast=\"auto\">f\u00fcr<\/span><span data-contrast=\"auto\">\u00a0die\u00a0<\/span><span data-contrast=\"auto\">Reifen<\/span><span class=\"ez-toc-section-end\"><\/span><\/h3>\n<p style=\"text-align: justify;\"><span data-contrast=\"auto\">Wie Kfz-Fahrzeuge mit Verbrennungsmotor k\u00f6nnen auch E-Autos nur mit Reifen fahren. Reifenwechsel und dergleichen fallen in der Elektroauto-Werkstatt also weiterhin an. Deshalb d\u00fcrfen Utensilien f\u00fcr ein sinnvolles Organisationssystem unter keinen Umst\u00e4nden fehlen.<\/span><\/p>\n<p style=\"text-align: justify;\"><span data-contrast=\"auto\">Dazu z\u00e4hlen unter anderem <\/span><a href=\"https:\/\/www.hermann-direkt.de\/werkstattorganisation\/reifenregale\"><span data-contrast=\"none\">Reifenregale<\/span><\/a><span data-contrast=\"auto\">,\u00a0<\/span><a href=\"https:\/\/www.hermann-direkt.de\/werkstattorganisation\/reifensaecke\"><span data-contrast=\"none\">Reifens\u00e4cke<\/span><\/a><span data-contrast=\"auto\">\u00a0und\u00a0<\/span><a href=\"https:\/\/www.hermann-direkt.de\/werkstattorganisation\/reifenwagen\"><span data-contrast=\"none\">Reifenwagen<\/span><\/a><span data-contrast=\"auto\">.<\/span><\/p>\n<p><center><a href=\"https:\/\/www.hermann-direkt.de\/reifensaecke-200-stueck-auf-der-rolle-unbedruckt\"><img loading=\"lazy\" decoding=\"async\" class=\"alignnone wp-image-538 size-full\" title=\"Reifens\u00e4cke 200 St\u00fcck auf der Rolle, unbedruckt\" src=\"https:\/\/www.hermann-direkt.de\/magazin\/wp-content\/uploads\/2020\/06\/reifensaecke-200-stueck-auf-der-rolle-unbedruckt.jpg\" alt=\"reifensaecke-200-stueck-auf-der-rolle-unbedruckt\" width=\"400\" height=\"400\" srcset=\"https:\/\/www.hermann-direkt.de\/magazin\/wp-content\/uploads\/2020\/06\/reifensaecke-200-stueck-auf-der-rolle-unbedruckt.jpg 400w, https:\/\/www.hermann-direkt.de\/magazin\/wp-content\/uploads\/2020\/06\/reifensaecke-200-stueck-auf-der-rolle-unbedruckt-300x300.jpg 300w, https:\/\/www.hermann-direkt.de\/magazin\/wp-content\/uploads\/2020\/06\/reifensaecke-200-stueck-auf-der-rolle-unbedruckt-150x150.jpg 150w\" sizes=\"(max-width: 400px) 100vw, 400px\" \/><\/a> <a href=\"https:\/\/www.hermann-direkt.de\/reifenwagen-raeder-rolli\"><img loading=\"lazy\" decoding=\"async\" class=\"alignnone wp-image-539 size-full\" title=\"Reifenwagen &quot;R\u00e4der-Rolli&quot; | f\u00fcr die mobile R\u00e4der-Pr\u00e4sentation und als Reifentransportwagen verwendbar\" src=\"https:\/\/www.hermann-direkt.de\/magazin\/wp-content\/uploads\/2020\/06\/reifenwagen-raeder-rolli.jpg\" alt=\"reifenwagen-raeder-rolli\" width=\"400\" height=\"400\" srcset=\"https:\/\/www.hermann-direkt.de\/magazin\/wp-content\/uploads\/2020\/06\/reifenwagen-raeder-rolli.jpg 400w, https:\/\/www.hermann-direkt.de\/magazin\/wp-content\/uploads\/2020\/06\/reifenwagen-raeder-rolli-300x300.jpg 300w, https:\/\/www.hermann-direkt.de\/magazin\/wp-content\/uploads\/2020\/06\/reifenwagen-raeder-rolli-150x150.jpg 150w\" sizes=\"(max-width: 400px) 100vw, 400px\" \/><\/a><\/center><\/p>\n<h3><span class=\"ez-toc-section\" id=\"Dellen-_und_Kratzermarkierungen\"><\/span><span data-contrast=\"auto\">Dellen- und Kratzermarkierungen<\/span><span class=\"ez-toc-section-end\"><\/span><\/h3>\n<p style=\"text-align: justify;\"><span data-contrast=\"auto\">Bei mehreren auf Wartung, Service oder Reparatur wartenden Fahrzeugen in der Autowerkstatt merkt sich wahrscheinlich kaum jemand, wo genau der Kratzer oder die Delle an diesem und jenem Wagen war. Um die Stellen nicht immer wieder suchen zu m\u00fcssen und dabei unn\u00f6tig Zeit zu verschwenden, sind\u00a0<\/span><a href=\"https:\/\/www.hermann-direkt.de\/werkstattorganisation\/dellen-und-kratzer-markierungen\"><span data-contrast=\"none\">Dellen- und Kratzermarkierungen<\/span><\/a><span data-contrast=\"auto\">\u00a0n\u00fctzlich. Magnetpfeile oder -ringe erweisen sich als besonders praktisch.<\/span><\/p>\n<p><center><a href=\"https:\/\/www.hermann-direkt.de\/magnetringe-zur-dellen-und-kratzer-markierung\"><img loading=\"lazy\" decoding=\"async\" class=\"alignnone wp-image-543 size-full\" title=\"Magnetringe zur Dellen- und Kratzer-Markierung\" src=\"https:\/\/www.hermann-direkt.de\/magazin\/wp-content\/uploads\/2020\/06\/magnetringe-zur-dellen-und-kratzer-markierung.jpg\" alt=\"magnetringe-zur-dellen-und-kratzer-markierung\" width=\"400\" height=\"400\" srcset=\"https:\/\/www.hermann-direkt.de\/magazin\/wp-content\/uploads\/2020\/06\/magnetringe-zur-dellen-und-kratzer-markierung.jpg 400w, https:\/\/www.hermann-direkt.de\/magazin\/wp-content\/uploads\/2020\/06\/magnetringe-zur-dellen-und-kratzer-markierung-300x300.jpg 300w, https:\/\/www.hermann-direkt.de\/magazin\/wp-content\/uploads\/2020\/06\/magnetringe-zur-dellen-und-kratzer-markierung-150x150.jpg 150w\" sizes=\"(max-width: 400px) 100vw, 400px\" \/><\/a> <a href=\"https:\/\/www.hermann-direkt.de\/magnetpfeile-zur-dellen-und-kratzer-markierung\"><img loading=\"lazy\" decoding=\"async\" class=\"alignnone wp-image-544 size-full\" title=\"Magnetpfeile zur Dellen- und Kratzer-Markierung\" src=\"https:\/\/www.hermann-direkt.de\/magazin\/wp-content\/uploads\/2020\/06\/magnetpfeile-zur-dellen-und-kratzer-markierung.jpg\" alt=\"magnetpfeile-zur-dellen-und-kratzer-markierung\" width=\"400\" height=\"400\" srcset=\"https:\/\/www.hermann-direkt.de\/magazin\/wp-content\/uploads\/2020\/06\/magnetpfeile-zur-dellen-und-kratzer-markierung.jpg 400w, https:\/\/www.hermann-direkt.de\/magazin\/wp-content\/uploads\/2020\/06\/magnetpfeile-zur-dellen-und-kratzer-markierung-300x300.jpg 300w, https:\/\/www.hermann-direkt.de\/magazin\/wp-content\/uploads\/2020\/06\/magnetpfeile-zur-dellen-und-kratzer-markierung-150x150.jpg 150w\" sizes=\"(max-width: 400px) 100vw, 400px\" \/><\/a><\/center><\/p>\n<h3><span class=\"ez-toc-section\" id=\"LED-Werkstattlampen\"><\/span><span data-contrast=\"auto\">LED-Werkstattlampen<\/span><span class=\"ez-toc-section-end\"><\/span><\/h3>\n<p style=\"text-align: justify;\"><span data-contrast=\"auto\">Gutes Licht in allen Bereichen, in denen an den Elektroautos gewerkelt wird, ist f\u00fcr ein \u00fcberzeugendes Werkstattsystem unerl\u00e4sslich. Die Mitarbeiter m\u00fcssen stets ganz genau sehen, was sie tun.\u00a0<\/span><a href=\"https:\/\/www.hermann-direkt.de\/werkstattorganisation\/led-werkstattlampen\"><span data-contrast=\"none\">Kleine LED-Arbeitslampen und gro\u00dfe LED-Flutlichtstrahler<\/span><\/a><span data-contrast=\"auto\"> erwirken optimale Lichtverh\u00e4ltnisse am Arbeitsplatz.<\/span><\/p>\n<p><center><a href=\"https:\/\/www.hermann-direkt.de\/led-strahler-cob-flutlicht\"><img loading=\"lazy\" decoding=\"async\" class=\"alignnone wp-image-549 size-full\" title=\"LED-Strahler &quot;COB Flutlicht&quot;\" src=\"https:\/\/www.hermann-direkt.de\/magazin\/wp-content\/uploads\/2020\/06\/led-strahler-cob-flutlicht.jpg\" alt=\"led-strahler-cob-flutlicht-elektroauto-werkstatt\" width=\"400\" height=\"400\" srcset=\"https:\/\/www.hermann-direkt.de\/magazin\/wp-content\/uploads\/2020\/06\/led-strahler-cob-flutlicht.jpg 400w, https:\/\/www.hermann-direkt.de\/magazin\/wp-content\/uploads\/2020\/06\/led-strahler-cob-flutlicht-300x300.jpg 300w, https:\/\/www.hermann-direkt.de\/magazin\/wp-content\/uploads\/2020\/06\/led-strahler-cob-flutlicht-150x150.jpg 150w\" sizes=\"(max-width: 400px) 100vw, 400px\" \/><\/a> <img loading=\"lazy\" decoding=\"async\" class=\"alignnone wp-image-550 size-full\" title=\"LED-Motorraumlampe &quot;Hood Hawk&quot;\" src=\"https:\/\/www.hermann-direkt.de\/magazin\/wp-content\/uploads\/2020\/06\/led-motorraumlampe-hood-hawk.jpg\" alt=\"led-motorraumlampe-hood-hawk-elektroauto-werkstatt\" width=\"400\" height=\"400\" srcset=\"https:\/\/www.hermann-direkt.de\/magazin\/wp-content\/uploads\/2020\/06\/led-motorraumlampe-hood-hawk.jpg 400w, https:\/\/www.hermann-direkt.de\/magazin\/wp-content\/uploads\/2020\/06\/led-motorraumlampe-hood-hawk-300x300.jpg 300w, https:\/\/www.hermann-direkt.de\/magazin\/wp-content\/uploads\/2020\/06\/led-motorraumlampe-hood-hawk-150x150.jpg 150w\" sizes=\"(max-width: 400px) 100vw, 400px\" \/><\/center><\/p>\n<h2><span class=\"ez-toc-section\" id=\"Gute_Arbeitsorganisation_ist_alles\"><\/span><span data-contrast=\"auto\">G<\/span><span data-contrast=\"auto\">ute Arbeitsorganisation ist alles<\/span><span class=\"ez-toc-section-end\"><\/span><\/h2>\n<p style=\"text-align: justify;\"><span data-contrast=\"auto\">Beim Umr\u00fcsten auf eine Elektroauto-Werkstatt oder dem Neuaufbau eines solchen Arbeitsplatzes kommen zum Teil andere Herausforderungen in Bezug auf die Arbeitsorganisation auf Sie zu als in eine<\/span><span data-contrast=\"auto\">m<\/span><span data-contrast=\"auto\">\u00a0&#8222;normalen&#8220; Kfz-<\/span><span data-contrast=\"auto\">Betrieb. Es scheint jedoch sicher, dass das E<\/span><span data-contrast=\"auto\">l<\/span><span data-contrast=\"auto\">ektroauto\u00a0<\/span><span data-contrast=\"auto\">das \u201eneue Normal\u201c markiert. <\/span><span data-contrast=\"auto\">Die dominierende Elektronik und die notwendigen Arbeiten an Hochvolt<\/span><span data-contrast=\"auto\">-Systemen<\/span><span data-contrast=\"auto\">\u00a0erfordern<\/span><span data-contrast=\"auto\">\u00a0zwar<\/span><span data-contrast=\"auto\">\u00a0ein gut durchdachtes Sicherheitskonzept. Dar\u00fcber hinaus braucht es Werkzeug, das speziell auf Elektro-Fahrzeuge ausgelegt ist und nat\u00fcrlich grundlegende Hilfsmittel wie Arbeitskarten und Planer. Mit K\u00f6pfchen und den richtigen Utensilien schaffen Sie ein rundum perfekt funktionierendes Werkstattsystem, das der E-Mobilit\u00e4t zu 100 Prozent gerecht wird.<\/span><\/p>\n","protected":false},"excerpt":{"rendered":"<p>\u00ab E-Mobilit\u00e4t und Arbeitsorganisation \u00bb Noch sind relativ wenige Elektroautos auf Deutschlands Stra\u00dfen unterwegs. In Anbetracht der E-Mobilit\u00e4ts-Offensiven verschiedener Automobilhersteller d\u00fcrfte sich dies in den n\u00e4chsten f\u00fcnf bis zehn Jahren zunehmend \u00e4ndern. Je fr\u00fcher Sie anfangen, Ihren Betrieb zu einer Elektroauto-Werkstatt umzur\u00fcsten, desto besser und flie\u00dfender gelingt Ihnen der \u00dcbergang. Wir beschreiben wesentliche Aspekte rund &hellip;<\/p>\n","protected":false},"author":1,"featured_media":497,"comment_status":"closed","ping_status":"open","sticky":false,"template":"","format":"standard","meta":{"footnotes":""},"categories":[2],"tags":[17,110,77,25,117,118,18,121,111,108,109,114,113,20,122,35,34,33,21,22,19,31,120,29,115,116,119,32,16,79,30,112],"class_list":["post-492","post","type-post","status-publish","format-standard","has-post-thumbnail","","category-arbeitsorganisation","tag-arbeitskarten","tag-arbeitsorganisation","tag-arbeitsplatz","tag-arbeitsplatz-kennzeichnung","tag-aufkleber","tag-auftragsschutzhuelle","tag-auftragstaschen","tag-dellenmarkierung","tag-e-mobilitaet","tag-elektroauto","tag-elektroauto-werkstatt","tag-hochvolt","tag-hybridauto","tag-kennzeichnungsschilder","tag-kratzermarkierung","tag-led-motorraumlampe","tag-led-strahler","tag-led-werkstattlampen","tag-magnetpfeile","tag-magnetringe","tag-magnettraeger","tag-plantafel","tag-reifensaecke","tag-reifenwagen","tag-schilder","tag-tafel","tag-terminkalender","tag-terminplaner","tag-werkstatt","tag-werkstattorganisation","tag-werkstattplaner","tag-werkstattsystem"],"yoast_head":"<!-- This site is optimized with the Yoast SEO plugin v23.2 - https:\/\/yoast.com\/wordpress\/plugins\/seo\/ -->\n<title>Was eine Elektroauto-Werkstatt braucht - HERMANN Fachversand<\/title>\n<meta name=\"description\" content=\"Das Magazin von\u00a0hermann-direkt berichtet \u00fcber die Werkstatt f\u00fcr Elektroautos \u2714\u00a0Viele Informationen rund um\u00a0E-Mobilit\u00e4t\u00a0&amp;\u00a0Arbeitsorganisation!\" \/>\n<meta name=\"robots\" content=\"index, follow, max-snippet:-1, max-image-preview:large, max-video-preview:-1\" \/>\n<link rel=\"canonical\" href=\"https:\/\/www.hermann-direkt.de\/magazin\/elektroauto-werkstatt\/\" \/>\n<meta property=\"og:locale\" content=\"de_DE\" \/>\n<meta property=\"og:type\" content=\"article\" \/>\n<meta property=\"og:title\" content=\"Was eine Elektroauto-Werkstatt braucht - HERMANN Fachversand\" \/>\n<meta property=\"og:description\" content=\"Das Magazin von\u00a0hermann-direkt berichtet \u00fcber die Werkstatt f\u00fcr Elektroautos \u2714\u00a0Viele Informationen rund um\u00a0E-Mobilit\u00e4t\u00a0&amp;\u00a0Arbeitsorganisation!\" \/>\n<meta property=\"og:url\" content=\"https:\/\/www.hermann-direkt.de\/magazin\/elektroauto-werkstatt\/\" \/>\n<meta property=\"og:site_name\" content=\"HERMANN Fachversand\" \/>\n<meta property=\"article:published_time\" content=\"2020-05-15T08:02:09+00:00\" \/>\n<meta property=\"article:modified_time\" content=\"2024-12-02T13:11:20+00:00\" \/>\n<meta property=\"og:image\" content=\"https:\/\/www.hermann-direkt.de\/magazin\/wp-content\/uploads\/2020\/06\/elektroauto-werkstatt.jpg\" \/>\n\t<meta property=\"og:image:width\" content=\"900\" \/>\n\t<meta property=\"og:image:height\" content=\"600\" \/>\n\t<meta property=\"og:image:type\" content=\"image\/jpeg\" \/>\n<meta name=\"author\" content=\"arboro\" \/>\n<meta name=\"twitter:card\" content=\"summary_large_image\" \/>\n<meta name=\"twitter:label1\" content=\"Verfasst von\" \/>\n\t<meta name=\"twitter:data1\" content=\"arboro\" \/>\n\t<meta name=\"twitter:label2\" content=\"Gesch\u00e4tzte Lesezeit\" \/>\n\t<meta name=\"twitter:data2\" content=\"10\u00a0Minuten\" \/>\n<script type=\"application\/ld+json\" class=\"yoast-schema-graph\">{\"@context\":\"https:\/\/schema.org\",\"@graph\":[{\"@type\":\"WebPage\",\"@id\":\"https:\/\/www.hermann-direkt.de\/magazin\/elektroauto-werkstatt\/\",\"url\":\"https:\/\/www.hermann-direkt.de\/magazin\/elektroauto-werkstatt\/\",\"name\":\"Was eine Elektroauto-Werkstatt braucht - HERMANN Fachversand\",\"isPartOf\":{\"@id\":\"https:\/\/www.hermann-direkt.de\/magazin\/#website\"},\"primaryImageOfPage\":{\"@id\":\"https:\/\/www.hermann-direkt.de\/magazin\/elektroauto-werkstatt\/#primaryimage\"},\"image\":{\"@id\":\"https:\/\/www.hermann-direkt.de\/magazin\/elektroauto-werkstatt\/#primaryimage\"},\"thumbnailUrl\":\"https:\/\/www.hermann-direkt.de\/magazin\/wp-content\/uploads\/2020\/06\/elektroauto-werkstatt.jpg\",\"datePublished\":\"2020-05-15T08:02:09+00:00\",\"dateModified\":\"2024-12-02T13:11:20+00:00\",\"author\":{\"@id\":\"https:\/\/www.hermann-direkt.de\/magazin\/#\/schema\/person\/d6d6de3468686f9fc5e5152f403cd1ef\"},\"description\":\"Das Magazin von\u00a0hermann-direkt berichtet \u00fcber die Werkstatt f\u00fcr Elektroautos \u2714\u00a0Viele Informationen rund um\u00a0E-Mobilit\u00e4t\u00a0&\u00a0Arbeitsorganisation!\",\"breadcrumb\":{\"@id\":\"https:\/\/www.hermann-direkt.de\/magazin\/elektroauto-werkstatt\/#breadcrumb\"},\"inLanguage\":\"de\",\"potentialAction\":[{\"@type\":\"ReadAction\",\"target\":[\"https:\/\/www.hermann-direkt.de\/magazin\/elektroauto-werkstatt\/\"]}]},{\"@type\":\"ImageObject\",\"inLanguage\":\"de\",\"@id\":\"https:\/\/www.hermann-direkt.de\/magazin\/elektroauto-werkstatt\/#primaryimage\",\"url\":\"https:\/\/www.hermann-direkt.de\/magazin\/wp-content\/uploads\/2020\/06\/elektroauto-werkstatt.jpg\",\"contentUrl\":\"https:\/\/www.hermann-direkt.de\/magazin\/wp-content\/uploads\/2020\/06\/elektroauto-werkstatt.jpg\",\"width\":900,\"height\":600,\"caption\":\"\u00a9 F8studio \u2013 stock.adobe.com\"},{\"@type\":\"BreadcrumbList\",\"@id\":\"https:\/\/www.hermann-direkt.de\/magazin\/elektroauto-werkstatt\/#breadcrumb\",\"itemListElement\":[{\"@type\":\"ListItem\",\"position\":1,\"name\":\"Startseite\",\"item\":\"https:\/\/www.hermann-direkt.de\/magazin\/\"},{\"@type\":\"ListItem\",\"position\":2,\"name\":\"Was eine Elektroauto-Werkstatt braucht\"}]},{\"@type\":\"WebSite\",\"@id\":\"https:\/\/www.hermann-direkt.de\/magazin\/#website\",\"url\":\"https:\/\/www.hermann-direkt.de\/magazin\/\",\"name\":\"HERMANN Fachversand\",\"description\":\"\",\"potentialAction\":[{\"@type\":\"SearchAction\",\"target\":{\"@type\":\"EntryPoint\",\"urlTemplate\":\"https:\/\/www.hermann-direkt.de\/magazin\/?s={search_term_string}\"},\"query-input\":\"required name=search_term_string\"}],\"inLanguage\":\"de\"},{\"@type\":\"Person\",\"@id\":\"https:\/\/www.hermann-direkt.de\/magazin\/#\/schema\/person\/d6d6de3468686f9fc5e5152f403cd1ef\",\"name\":\"arboro\",\"image\":{\"@type\":\"ImageObject\",\"inLanguage\":\"de\",\"@id\":\"https:\/\/www.hermann-direkt.de\/magazin\/#\/schema\/person\/image\/\",\"url\":\"https:\/\/secure.gravatar.com\/avatar\/a794a4fe8a9b9c52241597eb381dfa2e?s=96&d=mm&r=g\",\"contentUrl\":\"https:\/\/secure.gravatar.com\/avatar\/a794a4fe8a9b9c52241597eb381dfa2e?s=96&d=mm&r=g\",\"caption\":\"arboro\"}}]}<\/script>\n<!-- \/ Yoast SEO plugin. -->","yoast_head_json":{"title":"Was eine Elektroauto-Werkstatt braucht - HERMANN Fachversand","description":"Das Magazin von\u00a0hermann-direkt berichtet \u00fcber die Werkstatt f\u00fcr Elektroautos \u2714\u00a0Viele Informationen rund um\u00a0E-Mobilit\u00e4t\u00a0&\u00a0Arbeitsorganisation!","robots":{"index":"index","follow":"follow","max-snippet":"max-snippet:-1","max-image-preview":"max-image-preview:large","max-video-preview":"max-video-preview:-1"},"canonical":"https:\/\/www.hermann-direkt.de\/magazin\/elektroauto-werkstatt\/","og_locale":"de_DE","og_type":"article","og_title":"Was eine Elektroauto-Werkstatt braucht - HERMANN Fachversand","og_description":"Das Magazin von\u00a0hermann-direkt berichtet \u00fcber die Werkstatt f\u00fcr Elektroautos \u2714\u00a0Viele Informationen rund um\u00a0E-Mobilit\u00e4t\u00a0&\u00a0Arbeitsorganisation!","og_url":"https:\/\/www.hermann-direkt.de\/magazin\/elektroauto-werkstatt\/","og_site_name":"HERMANN Fachversand","article_published_time":"2020-05-15T08:02:09+00:00","article_modified_time":"2024-12-02T13:11:20+00:00","og_image":[{"width":900,"height":600,"url":"https:\/\/www.hermann-direkt.de\/magazin\/wp-content\/uploads\/2020\/06\/elektroauto-werkstatt.jpg","type":"image\/jpeg"}],"author":"arboro","twitter_card":"summary_large_image","twitter_misc":{"Verfasst von":"arboro","Gesch\u00e4tzte Lesezeit":"10\u00a0Minuten"},"schema":{"@context":"https:\/\/schema.org","@graph":[{"@type":"WebPage","@id":"https:\/\/www.hermann-direkt.de\/magazin\/elektroauto-werkstatt\/","url":"https:\/\/www.hermann-direkt.de\/magazin\/elektroauto-werkstatt\/","name":"Was eine Elektroauto-Werkstatt braucht - HERMANN Fachversand","isPartOf":{"@id":"https:\/\/www.hermann-direkt.de\/magazin\/#website"},"primaryImageOfPage":{"@id":"https:\/\/www.hermann-direkt.de\/magazin\/elektroauto-werkstatt\/#primaryimage"},"image":{"@id":"https:\/\/www.hermann-direkt.de\/magazin\/elektroauto-werkstatt\/#primaryimage"},"thumbnailUrl":"https:\/\/www.hermann-direkt.de\/magazin\/wp-content\/uploads\/2020\/06\/elektroauto-werkstatt.jpg","datePublished":"2020-05-15T08:02:09+00:00","dateModified":"2024-12-02T13:11:20+00:00","author":{"@id":"https:\/\/www.hermann-direkt.de\/magazin\/#\/schema\/person\/d6d6de3468686f9fc5e5152f403cd1ef"},"description":"Das Magazin von\u00a0hermann-direkt berichtet \u00fcber die Werkstatt f\u00fcr Elektroautos \u2714\u00a0Viele Informationen rund um\u00a0E-Mobilit\u00e4t\u00a0&\u00a0Arbeitsorganisation!","breadcrumb":{"@id":"https:\/\/www.hermann-direkt.de\/magazin\/elektroauto-werkstatt\/#breadcrumb"},"inLanguage":"de","potentialAction":[{"@type":"ReadAction","target":["https:\/\/www.hermann-direkt.de\/magazin\/elektroauto-werkstatt\/"]}]},{"@type":"ImageObject","inLanguage":"de","@id":"https:\/\/www.hermann-direkt.de\/magazin\/elektroauto-werkstatt\/#primaryimage","url":"https:\/\/www.hermann-direkt.de\/magazin\/wp-content\/uploads\/2020\/06\/elektroauto-werkstatt.jpg","contentUrl":"https:\/\/www.hermann-direkt.de\/magazin\/wp-content\/uploads\/2020\/06\/elektroauto-werkstatt.jpg","width":900,"height":600,"caption":"\u00a9 F8studio \u2013 stock.adobe.com"},{"@type":"BreadcrumbList","@id":"https:\/\/www.hermann-direkt.de\/magazin\/elektroauto-werkstatt\/#breadcrumb","itemListElement":[{"@type":"ListItem","position":1,"name":"Startseite","item":"https:\/\/www.hermann-direkt.de\/magazin\/"},{"@type":"ListItem","position":2,"name":"Was eine Elektroauto-Werkstatt braucht"}]},{"@type":"WebSite","@id":"https:\/\/www.hermann-direkt.de\/magazin\/#website","url":"https:\/\/www.hermann-direkt.de\/magazin\/","name":"HERMANN Fachversand","description":"","potentialAction":[{"@type":"SearchAction","target":{"@type":"EntryPoint","urlTemplate":"https:\/\/www.hermann-direkt.de\/magazin\/?s={search_term_string}"},"query-input":"required name=search_term_string"}],"inLanguage":"de"},{"@type":"Person","@id":"https:\/\/www.hermann-direkt.de\/magazin\/#\/schema\/person\/d6d6de3468686f9fc5e5152f403cd1ef","name":"arboro","image":{"@type":"ImageObject","inLanguage":"de","@id":"https:\/\/www.hermann-direkt.de\/magazin\/#\/schema\/person\/image\/","url":"https:\/\/secure.gravatar.com\/avatar\/a794a4fe8a9b9c52241597eb381dfa2e?s=96&d=mm&r=g","contentUrl":"https:\/\/secure.gravatar.com\/avatar\/a794a4fe8a9b9c52241597eb381dfa2e?s=96&d=mm&r=g","caption":"arboro"}}]}},"_links":{"self":[{"href":"https:\/\/www.hermann-direkt.de\/magazin\/wp-json\/wp\/v2\/posts\/492"}],"collection":[{"href":"https:\/\/www.hermann-direkt.de\/magazin\/wp-json\/wp\/v2\/posts"}],"about":[{"href":"https:\/\/www.hermann-direkt.de\/magazin\/wp-json\/wp\/v2\/types\/post"}],"author":[{"embeddable":true,"href":"https:\/\/www.hermann-direkt.de\/magazin\/wp-json\/wp\/v2\/users\/1"}],"replies":[{"embeddable":true,"href":"https:\/\/www.hermann-direkt.de\/magazin\/wp-json\/wp\/v2\/comments?post=492"}],"version-history":[{"count":51,"href":"https:\/\/www.hermann-direkt.de\/magazin\/wp-json\/wp\/v2\/posts\/492\/revisions"}],"predecessor-version":[{"id":6501,"href":"https:\/\/www.hermann-direkt.de\/magazin\/wp-json\/wp\/v2\/posts\/492\/revisions\/6501"}],"wp:featuredmedia":[{"embeddable":true,"href":"https:\/\/www.hermann-direkt.de\/magazin\/wp-json\/wp\/v2\/media\/497"}],"wp:attachment":[{"href":"https:\/\/www.hermann-direkt.de\/magazin\/wp-json\/wp\/v2\/media?parent=492"}],"wp:term":[{"taxonomy":"category","embeddable":true,"href":"https:\/\/www.hermann-direkt.de\/magazin\/wp-json\/wp\/v2\/categories?post=492"},{"taxonomy":"post_tag","embeddable":true,"href":"https:\/\/www.hermann-direkt.de\/magazin\/wp-json\/wp\/v2\/tags?post=492"}],"curies":[{"name":"wp","href":"https:\/\/api.w.org\/{rel}","templated":true}]}}