{"id":4226,"date":"2022-02-03T09:00:25","date_gmt":"2022-02-03T08:00:25","guid":{"rendered":"https:\/\/www.hermann-direkt.de\/magazin\/?p=4226"},"modified":"2022-02-03T09:04:46","modified_gmt":"2022-02-03T08:04:46","slug":"fahnenstangen-fuer-flaggen-mit-firmenaufdruck","status":"publish","type":"post","link":"https:\/\/www.hermann-direkt.de\/magazin\/fahnenstangen-fuer-flaggen-mit-firmenaufdruck\/","title":{"rendered":"Fahnenstangen f\u00fcr Flaggen mit Firmenaufdruck"},"content":{"rendered":"<div id=\"ez-toc-container\" class=\"ez-toc-v2_0_68_1 ez-toc-wrap-center counter-hierarchy ez-toc-counter ez-toc-grey ez-toc-container-direction\">\n<div class=\"ez-toc-title-container\">\n<p class=\"ez-toc-title \" >Inhaltsverzeichnis<\/p>\n<span class=\"ez-toc-title-toggle\"><a href=\"#\" class=\"ez-toc-pull-right ez-toc-btn ez-toc-btn-xs ez-toc-btn-default ez-toc-toggle\" aria-label=\"Toggle Table of Content\"><span class=\"ez-toc-js-icon-con\"><span class=\"\"><span class=\"eztoc-hide\" style=\"display:none;\">Toggle<\/span><span class=\"ez-toc-icon-toggle-span\"><svg style=\"fill: #999;color:#999\" xmlns=\"http:\/\/www.w3.org\/2000\/svg\" class=\"list-377408\" width=\"20px\" height=\"20px\" viewBox=\"0 0 24 24\" fill=\"none\"><path d=\"M6 6H4v2h2V6zm14 0H8v2h12V6zM4 11h2v2H4v-2zm16 0H8v2h12v-2zM4 16h2v2H4v-2zm16 0H8v2h12v-2z\" fill=\"currentColor\"><\/path><\/svg><svg style=\"fill: #999;color:#999\" class=\"arrow-unsorted-368013\" xmlns=\"http:\/\/www.w3.org\/2000\/svg\" width=\"10px\" height=\"10px\" viewBox=\"0 0 24 24\" version=\"1.2\" baseProfile=\"tiny\"><path d=\"M18.2 9.3l-6.2-6.3-6.2 6.3c-.2.2-.3.4-.3.7s.1.5.3.7c.2.2.4.3.7.3h11c.3 0 .5-.1.7-.3.2-.2.3-.5.3-.7s-.1-.5-.3-.7zM5.8 14.7l6.2 6.3 6.2-6.3c.2-.2.3-.5.3-.7s-.1-.5-.3-.7c-.2-.2-.4-.3-.7-.3h-11c-.3 0-.5.1-.7.3-.2.2-.3.5-.3.7s.1.5.3.7z\"\/><\/svg><\/span><\/span><\/span><\/a><\/span><\/div>\n<nav><ul class='ez-toc-list ez-toc-list-level-1 ' ><li class='ez-toc-page-1 ez-toc-heading-level-2'><a class=\"ez-toc-link ez-toc-heading-1\" href=\"https:\/\/www.hermann-direkt.de\/magazin\/fahnenstangen-fuer-flaggen-mit-firmenaufdruck\/#%C2%AB_Mit_optimalen_Hissvorrichtungen_und_Befestigungsloesungen_den_Werbeeffekt_maximieren_%C2%BB\" title=\"\u00ab Mit optimalen Hissvorrichtungen und Befestigungsl\u00f6sungen den Werbeeffekt maximieren \u00bb\">\u00ab Mit optimalen Hissvorrichtungen und Befestigungsl\u00f6sungen den Werbeeffekt maximieren \u00bb<\/a><\/li><li class='ez-toc-page-1 ez-toc-heading-level-2'><a class=\"ez-toc-link ez-toc-heading-2\" href=\"https:\/\/www.hermann-direkt.de\/magazin\/fahnenstangen-fuer-flaggen-mit-firmenaufdruck\/#Effektive_Unternehmenswerbung_mit_individuell_bedruckten_Flaggen_und_Fahnenmasten\" title=\"Effektive Unternehmenswerbung mit individuell bedruckten Flaggen und Fahnenmasten\">Effektive Unternehmenswerbung mit individuell bedruckten Flaggen und Fahnenmasten<\/a><\/li><li class='ez-toc-page-1 ez-toc-heading-level-2'><a class=\"ez-toc-link ez-toc-heading-3\" href=\"https:\/\/www.hermann-direkt.de\/magazin\/fahnenstangen-fuer-flaggen-mit-firmenaufdruck\/#Fahnenstangen_und_Fahnen_fuer_die_perfekte_Autohaus_Werbung\" title=\"Fahnenstangen und Fahnen f\u00fcr die perfekte Autohaus Werbung\">Fahnenstangen und Fahnen f\u00fcr die perfekte Autohaus Werbung<\/a><ul class='ez-toc-list-level-3' ><li class='ez-toc-heading-level-3'><a class=\"ez-toc-link ez-toc-heading-4\" href=\"https:\/\/www.hermann-direkt.de\/magazin\/fahnenstangen-fuer-flaggen-mit-firmenaufdruck\/#Einteilige_Fahnenmasten\" title=\"Einteilige Fahnenmasten\">Einteilige Fahnenmasten<\/a><\/li><li class='ez-toc-page-1 ez-toc-heading-level-3'><a class=\"ez-toc-link ez-toc-heading-5\" href=\"https:\/\/www.hermann-direkt.de\/magazin\/fahnenstangen-fuer-flaggen-mit-firmenaufdruck\/#Einteilige_Fahnenstangen_mit_Ausleger\" title=\"Einteilige Fahnenstangen mit Ausleger\">Einteilige Fahnenstangen mit Ausleger<\/a><\/li><li class='ez-toc-page-1 ez-toc-heading-level-3'><a class=\"ez-toc-link ez-toc-heading-6\" href=\"https:\/\/www.hermann-direkt.de\/magazin\/fahnenstangen-fuer-flaggen-mit-firmenaufdruck\/#Einteilige_Fahnenstangenmodelle_mit_Kurbel-Hissvorrichtung\" title=\"Einteilige Fahnenstangenmodelle mit Kurbel-Hissvorrichtung\">Einteilige Fahnenstangenmodelle mit Kurbel-Hissvorrichtung<\/a><\/li><li class='ez-toc-page-1 ez-toc-heading-level-3'><a class=\"ez-toc-link ez-toc-heading-7\" href=\"https:\/\/www.hermann-direkt.de\/magazin\/fahnenstangen-fuer-flaggen-mit-firmenaufdruck\/#Zweiteilige_Fahnenstangen\" title=\"Zweiteilige Fahnenstangen\">Zweiteilige Fahnenstangen<\/a><\/li><li class='ez-toc-page-1 ez-toc-heading-level-3'><a class=\"ez-toc-link ez-toc-heading-8\" href=\"https:\/\/www.hermann-direkt.de\/magazin\/fahnenstangen-fuer-flaggen-mit-firmenaufdruck\/#Teleskopstangen_fuer_Werbefahnen\" title=\"Teleskopstangen f\u00fcr Werbefahnen\">Teleskopstangen f\u00fcr Werbefahnen<\/a><\/li><li class='ez-toc-page-1 ez-toc-heading-level-3'><a class=\"ez-toc-link ez-toc-heading-9\" href=\"https:\/\/www.hermann-direkt.de\/magazin\/fahnenstangen-fuer-flaggen-mit-firmenaufdruck\/#Masten_mit_befahrbaren_Edelstahlfuss\" title=\"Masten mit befahrbaren Edelstahlfu\u00df\">Masten mit befahrbaren Edelstahlfu\u00df<\/a><\/li><li class='ez-toc-page-1 ez-toc-heading-level-3'><a class=\"ez-toc-link ez-toc-heading-10\" href=\"https:\/\/www.hermann-direkt.de\/magazin\/fahnenstangen-fuer-flaggen-mit-firmenaufdruck\/#Mobile_Fahnenmasten\" title=\"Mobile Fahnenmasten\">Mobile Fahnenmasten<\/a><\/li><li class='ez-toc-page-1 ez-toc-heading-level-3'><a class=\"ez-toc-link ez-toc-heading-11\" href=\"https:\/\/www.hermann-direkt.de\/magazin\/fahnenstangen-fuer-flaggen-mit-firmenaufdruck\/#Beleuchtete_Fahnenstangen\" title=\"Beleuchtete Fahnenstangen\">Beleuchtete Fahnenstangen<\/a><\/li><li class='ez-toc-page-1 ez-toc-heading-level-3'><a class=\"ez-toc-link ez-toc-heading-12\" href=\"https:\/\/www.hermann-direkt.de\/magazin\/fahnenstangen-fuer-flaggen-mit-firmenaufdruck\/#Ergaenzendes_Zubehoer\" title=\"Erg\u00e4nzendes Zubeh\u00f6r\">Erg\u00e4nzendes Zubeh\u00f6r<\/a><\/li><\/ul><\/li><li class='ez-toc-page-1 ez-toc-heading-level-2'><a class=\"ez-toc-link ez-toc-heading-13\" href=\"https:\/\/www.hermann-direkt.de\/magazin\/fahnenstangen-fuer-flaggen-mit-firmenaufdruck\/#Effiziente_Werbung_mit_grosser_Reichweite_%E2%80%93_Fahnenstangen_mit_ansprechender_Beflaggung\" title=\"Effiziente Werbung mit gro\u00dfer Reichweite \u2013 Fahnenstangen mit ansprechender Beflaggung\">Effiziente Werbung mit gro\u00dfer Reichweite \u2013 Fahnenstangen mit ansprechender Beflaggung<\/a><\/li><\/ul><\/nav><\/div>\n<h2><span class=\"ez-toc-section\" id=\"%C2%AB_Mit_optimalen_Hissvorrichtungen_und_Befestigungsloesungen_den_Werbeeffekt_maximieren_%C2%BB\"><\/span>\u00ab Mit optimalen Hissvorrichtungen und Befestigungsl\u00f6sungen den Werbeeffekt maximieren \u00bb<span class=\"ez-toc-section-end\"><\/span><\/h2>\n<p style=\"text-align: justify;\"><strong>Sehen und gesehen werden \u2013 mit einer <a href=\"https:\/\/www.hermann-direkt.de\/fahnenmasten\/fahnen\">eindrucksvollen Werbefahne<\/a> l\u00e4sst sich maximale Aufmerksamkeit generieren. Nicht nur beim Autohaus-Marketing spielen Fahnen mit dem eigenen Werbeaufdruck eine gro\u00dfe Rolle. Um dieses effektive Werbemittel zu nutzen, ist allerdings ein <a href=\"https:\/\/www.hermann-direkt.de\/fahnenmasten\">geeigneter Fahnenmast<\/a> nebst Verankerung erforderlich. Die Bedeutung eines idealen Mastes und der optimalen Hissvorrichtung wird dabei aber oft untersch\u00e4tzt. Warum die Wahl der idealen Befestigungssysteme f\u00fcr den Erfolg der Flaggenwerbung so wichtig ist und welche Varianten dabei eingesetzt werden, stellen wir Ihnen in diesem Artikel vor. <\/strong><\/p>\n<h2><span class=\"ez-toc-section\" id=\"Effektive_Unternehmenswerbung_mit_individuell_bedruckten_Flaggen_und_Fahnenmasten\"><\/span>Effektive Unternehmenswerbung mit individuell bedruckten Flaggen und Fahnenmasten<span class=\"ez-toc-section-end\"><\/span><\/h2>\n<p style=\"text-align: justify;\">Klar, dass man f\u00fcr eine Fahne auch die passende Fahnenstange ben\u00f6tigt, um den Firmenhof aufwerten zu k\u00f6nnen. Um eine optimale optische Performance zu generieren, sollten sowohl die Fahnenmasten als auch die mit Ihrem Firmenaufdruck versehenen Flaggen eine entsprechende Qualit\u00e4t aufweisen. Wirken Fahnenstangen und Fahnen hochwertig, \u00fcbertr\u00e4gt sich dieser Effekt auf das Image der Firma. Wenn Sie f\u00fcr Ihr Autohaus Werbung machen m\u00f6chten, sollten Sie deswegen unbedingt darauf achten, exklusive Qualit\u00e4t zu vermitteln. Das betrifft auch die Gestaltung des Innen- und des Au\u00dfenbereichs mit Fahnenstangen und Fahnen. M\u00f6chten Sie ein Statement mit <a href=\"https:\/\/www.hermann-direkt.de\/fahnenmasten\/fahnen\/fahnendruck\">bedruckten Werbefahnen<\/a> setzen, sollten Material und Fahnendruck h\u00f6chsten Anspr\u00fcchen gen\u00fcgen.<\/p>\n<p><a href=\"https:\/\/www.hermann-direkt.de\/fahne-150-x-400-cm-polyester-fahnenstoff\"><img loading=\"lazy\" decoding=\"async\" class=\"aligncenter wp-image-4234\" title=\"Fahne 150 x 400 cm Polyester Fahnenstoff - 4-farbig\" src=\"https:\/\/www.hermann-direkt.de\/magazin\/wp-content\/uploads\/2024\/02\/Fahne-150-x-400-cm-Polyester-Fahnenstoff-4-farbig-.jpg\" alt=\"Fahne 150 x 400 cm Polyester Fahnenstoff - 4-farbig - Fahnenstangen und Fahnen\" width=\"594\" height=\"564\" srcset=\"https:\/\/www.hermann-direkt.de\/magazin\/wp-content\/uploads\/2024\/02\/Fahne-150-x-400-cm-Polyester-Fahnenstoff-4-farbig-.jpg 1280w, https:\/\/www.hermann-direkt.de\/magazin\/wp-content\/uploads\/2024\/02\/Fahne-150-x-400-cm-Polyester-Fahnenstoff-4-farbig--300x284.jpg 300w, https:\/\/www.hermann-direkt.de\/magazin\/wp-content\/uploads\/2024\/02\/Fahne-150-x-400-cm-Polyester-Fahnenstoff-4-farbig--1024x970.jpg 1024w, https:\/\/www.hermann-direkt.de\/magazin\/wp-content\/uploads\/2024\/02\/Fahne-150-x-400-cm-Polyester-Fahnenstoff-4-farbig--768x728.jpg 768w\" sizes=\"(max-width: 594px) 100vw, 594px\" \/><\/a><\/p>\n<p style=\"text-align: justify;\">Das gilt ebenso f\u00fcr die Fahnenmasten, an denen Sie Ihre Fahnen hissen m\u00f6chten. F\u00fcr die Flaggenstangen empfehlen wir Ihnen Aluminium. Aluminium sieht edel aus, ist sehr robust und l\u00e4sst sich dank des geringen Gewichts gut handhaben. F\u00fcr das Material der Fahnen selbst ist ein spezieller Fahnenstoff, der gr\u00f6\u00dftenteils aus witterungsbest\u00e4ndigem Polyester besteht, in den meisten F\u00e4llen eine gute Wahl. Sind Fahnen und Fahnenstangen von guter Qualit\u00e4t, wertet dies nicht nur den optischen Eindruck auf \u2013 es verl\u00e4ngert gleichzeitig die Langlebigkeit der von Ihnen gew\u00e4hlten Produkte.<\/p>\n<h2><span class=\"ez-toc-section\" id=\"Fahnenstangen_und_Fahnen_fuer_die_perfekte_Autohaus_Werbung\"><\/span>Fahnenstangen und Fahnen f\u00fcr die perfekte Autohaus Werbung<span class=\"ez-toc-section-end\"><\/span><\/h2>\n<p style=\"text-align: justify;\">Flaggen mit Firmenaufdruck sind das ideale Medium, um Ihre Werbebotschaft gro\u00dffl\u00e4chig zu kommunizieren. Man kann sie werbewirksam im Innenraum des Autohauses platzieren oder aber an der Einfahrt, auf dem Firmengel\u00e4nde oder im Eingangsbereich positionieren. Wichtig ist, dass mit einpr\u00e4gsamen Slogans das Wesentliche gesagt wird. Erstellen Sie Ihren individuellen Fahnendruck, oder nutzen Sie eine unserer vorgedruckten Fahnen. F\u00fcr den optimalen Halt der Hiss- oder <a href=\"https:\/\/www.hermann-direkt.de\/fahnenmasten\/fahnen\/fahnendruck\/auslegerfahnen\">bedruckten Auslegerfahnen<\/a> sorgen Sie mit stabilen Fahnenstangen. Dabei haben Sie die Wahl zwischen unterschiedlichen Ausf\u00fchrungen. Vom klassischen einteiligen Fahnenmast \u00fcber einen Fahnenmast mit Ausleger bis zum <a href=\"https:\/\/www.hermann-direkt.de\/fahnenmasten\/mobile-fahnenmasten\">mobilen Fahnenmast<\/a> \u2013 f\u00fcr jede individuelle Anforderungen und jede bauliche Gegebenheiten finden Sie stets den passenden Mast.<\/p>\n<p><a href=\"https:\/\/www.hermann-direkt.de\/fahne-co2-sparer-hochformat-120-x-300-cm\"><img loading=\"lazy\" decoding=\"async\" class=\"aligncenter wp-image-4261 size-full\" title=\"Fahne &quot;CO2-Sparer, Hochformat, 120 x 300 cm\" src=\"https:\/\/www.hermann-direkt.de\/magazin\/wp-content\/uploads\/2024\/02\/50048500g.jpg\" alt=\"Fahne &quot;CO2-Sparer, Hochformat, 120 x 300 cm - Fahnenstangen und Fahnen\" width=\"400\" height=\"400\" srcset=\"https:\/\/www.hermann-direkt.de\/magazin\/wp-content\/uploads\/2024\/02\/50048500g.jpg 400w, https:\/\/www.hermann-direkt.de\/magazin\/wp-content\/uploads\/2024\/02\/50048500g-300x300.jpg 300w, https:\/\/www.hermann-direkt.de\/magazin\/wp-content\/uploads\/2024\/02\/50048500g-150x150.jpg 150w\" sizes=\"(max-width: 400px) 100vw, 400px\" \/><\/a><\/p>\n<h3><span class=\"ez-toc-section\" id=\"Einteilige_Fahnenmasten\"><\/span>Einteilige Fahnenmasten<span class=\"ez-toc-section-end\"><\/span><\/h3>\n<p style=\"text-align: justify;\">Die einfachste Variante, um Werbefahnen gekonnt in Szene zu setzen, ist eine einteilige, <a href=\"https:\/\/www.hermann-direkt.de\/fahnenmasten\/stationaere-fahnenmasten\">station\u00e4re \u00a0Flaggenstange<\/a>. Zur Befestigung am Boden wird meist eine Bodenh\u00fclse ben\u00f6tigt, die einbetoniert werden muss. Bei einer Gesamtl\u00e4nge von z. B. 6 Metern ragt der Mast circa 5,50 Meter \u00fcber den Boden hinaus. Um zu verhindern, dass die Fahnen sich um den Fahnenmast wickeln, empfiehlt es sich Fahnengewichte zu verwenden.<\/p>\n<h3 data-wp-editing=\"1\"><span class=\"ez-toc-section\" id=\"Einteilige_Fahnenstangen_mit_Ausleger\"><\/span><img loading=\"lazy\" decoding=\"async\" class=\" wp-image-4238 alignleft\" src=\"https:\/\/www.hermann-direkt.de\/magazin\/wp-content\/uploads\/2024\/02\/Mobiler-Fahnenmast-mit-Ausleger-2.jpg\" alt=\"\" width=\"366\" height=\"692\" srcset=\"https:\/\/www.hermann-direkt.de\/magazin\/wp-content\/uploads\/2024\/02\/Mobiler-Fahnenmast-mit-Ausleger-2.jpg 677w, https:\/\/www.hermann-direkt.de\/magazin\/wp-content\/uploads\/2024\/02\/Mobiler-Fahnenmast-mit-Ausleger-2-159x300.jpg 159w, https:\/\/www.hermann-direkt.de\/magazin\/wp-content\/uploads\/2024\/02\/Mobiler-Fahnenmast-mit-Ausleger-2-542x1024.jpg 542w\" sizes=\"(max-width: 366px) 100vw, 366px\" \/>Einteilige Fahnenstangen mit Ausleger<span class=\"ez-toc-section-end\"><\/span><\/h3>\n<p style=\"text-align: justify;\">Bei diesem Fahnenmast befindet sich am oberen Ende des Mastes ein Quertr\u00e4ger, an dem die Fahne entsprechend angebracht werden kann. Auch hier wird in der Regel eine Bodenh\u00fclse zum Einbetonieren ben\u00f6tigt, die die Gesamtl\u00e4nge des Mastes um circa 50 cm reduziert. Auf ein Fahnengewicht sollten Sie ebenfalls nicht verzichten, um Verwehungen zu vermeiden.<\/p>\n<h3><span class=\"ez-toc-section\" id=\"Einteilige_Fahnenstangenmodelle_mit_Kurbel-Hissvorrichtung\"><\/span>Einteilige Fahnenstangenmodelle mit Kurbel-Hissvorrichtung<span class=\"ez-toc-section-end\"><\/span><\/h3>\n<p style=\"text-align: justify;\">Mithilfe einer Kurbel-Hissvorrichtung lassen sich diverse Fahnenvarianten leicht anbringen oder austauschen. Daher sind derart ausgestattete Fahnenstangen sehr gut geeignet, wenn die Flagge \u00f6fter gewechselt werden soll. Die Kurbel-Hissvorrichtung besteht in der Regel aus hochwertigem Edelstahl. Die Seilf\u00fchrung befindet sich innerhalb des hohl gearbeiteten Mastes. Dank der Kombination einer Kurbel-Hissvorrichtung mit einem hissbaren Ausleger ist auch eine Halbmastbeflaggung m\u00f6glich. Besonders komfortabel ist ein Ausleger, der dreh- und teleskopierbar ist. Die Halterung f\u00fcr den Fahnenmast sollte auch bei dieser Variante einbetoniert werden.<\/p>\n<h3><span class=\"ez-toc-section\" id=\"Zweiteilige_Fahnenstangen\"><\/span>Zweiteilige Fahnenstangen<span class=\"ez-toc-section-end\"><\/span><\/h3>\n<p style=\"text-align: justify;\">Alternativ zu einteiligen Fahnenstangen bieten sich zweiteilige Ausf\u00fchrungen an. Sie erleichtern die Montage der Werbefahnen, sollten \u00fcblicherweise aber ebenfalls mit einer einbetonierten Bodenh\u00fclse verankert werden. Vorteilhaft ist auch ein dreh- und teleskopierbarer Mast-Ausleger.<\/p>\n<h3><span class=\"ez-toc-section\" id=\"Teleskopstangen_fuer_Werbefahnen\"><\/span>Teleskopstangen f\u00fcr Werbefahnen<span class=\"ez-toc-section-end\"><\/span><\/h3>\n<p style=\"text-align: justify;\"><a href=\"https:\/\/www.hermann-direkt.de\/fahnenmasten\/teleskop-fahnenmasten\">Praktische Teleskop-Fahnenmasten<\/a> bieten Ihnen maximale Flexibilit\u00e4t, da sie individuell konfiguriert werden k\u00f6nnen. Je nach Gr\u00f6\u00dfe der Beflaggung kann der Mast entsprechend angepasst werden.<\/p>\n<p><a href=\"https:\/\/www.hermann-direkt.de\/teleskop-fahnenmast-mit-ausleger-mobil-hoehenverstellbar-von-2-00-bis-5-35-m\"><img loading=\"lazy\" decoding=\"async\" class=\"aligncenter wp-image-4243 size-full\" title=\"Teleskop Fahnenmast mit Ausleger, mobil, h\u00f6henverstellbar von 2,00 bis 5,35 m\" src=\"https:\/\/www.hermann-direkt.de\/magazin\/wp-content\/uploads\/2024\/02\/Teleskop-Fahnenmast-mit-Ausleger-mobil-hoehenverstellbar-von-200-bis-535-m.jpg\" alt=\"Teleskop Fahnenmast mit Ausleger, mobil, h\u00f6henverstellbar von 2,00 bis 5,35 m\" width=\"900\" height=\"449\" srcset=\"https:\/\/www.hermann-direkt.de\/magazin\/wp-content\/uploads\/2024\/02\/Teleskop-Fahnenmast-mit-Ausleger-mobil-hoehenverstellbar-von-200-bis-535-m.jpg 900w, https:\/\/www.hermann-direkt.de\/magazin\/wp-content\/uploads\/2024\/02\/Teleskop-Fahnenmast-mit-Ausleger-mobil-hoehenverstellbar-von-200-bis-535-m-300x150.jpg 300w, https:\/\/www.hermann-direkt.de\/magazin\/wp-content\/uploads\/2024\/02\/Teleskop-Fahnenmast-mit-Ausleger-mobil-hoehenverstellbar-von-200-bis-535-m-768x383.jpg 768w, https:\/\/www.hermann-direkt.de\/magazin\/wp-content\/uploads\/2024\/02\/Teleskop-Fahnenmast-mit-Ausleger-mobil-hoehenverstellbar-von-200-bis-535-m-880x440.jpg 880w\" sizes=\"(max-width: 900px) 100vw, 900px\" \/><\/a><\/p>\n<h3><span class=\"ez-toc-section\" id=\"Masten_mit_befahrbaren_Edelstahlfuss\"><\/span>Masten mit befahrbaren Edelstahlfu\u00df<span class=\"ez-toc-section-end\"><\/span><\/h3>\n<p style=\"text-align: justify;\">Wenn Sie einen flexibel einsetzbaren Fahnenmast suchen, k\u00f6nnte dies genau die richtige L\u00f6sung sein. Allerdings sind diese Masten nur f\u00fcr kleinere Werbefahnen geeignet. Die Flaggen sollten nicht gr\u00f6\u00dfer sein als circa 120 x 300 cm.<\/p>\n<h3><span class=\"ez-toc-section\" id=\"Mobile_Fahnenmasten\"><\/span>Mobile Fahnenmasten<span class=\"ez-toc-section-end\"><\/span><\/h3>\n<p style=\"text-align: justify;\">Mobile Masten verf\u00fcgen \u00fcber eine kompakte Ausf\u00fchrung, die den Transport erleichtern. Im Gegensatz zu anderen L\u00f6sungen werden mobile Flaggenmasten nicht mithilfe einer einbetonierten Bodenh\u00fclse befestigt. Diese Masten verf\u00fcgen in der Regel \u00fcber eine Bodenwanne, die mit entsprechendem Ballast stabilisiert werden muss. Hierzu eignen sich zum Beispiel eine Bef\u00fcllung mit Zierkies oder eine Belastung mit schweren Blumenk\u00fcbeln, Betonplatten oder \u00c4hnlichem. Das jeweils erforderliche Gewicht ergibt sich aus der Produktbeschreibung. Eine zus\u00e4tzliche Verankerung mit geeignetem Befestigungsmaterial bietet maximale Sicherheit. Hierzu sind meist entsprechende Bohrungen im Bodenblech vorhanden. Bei der mobilen Variante k\u00f6nnen je nach Ausf\u00fchrung zeitgleich mehrere Fahnenmodelle gehisst werden.<\/p>\n<p><a href=\"https:\/\/www.hermann-direkt.de\/mobile-fahnenmast-dreier-gruppe-fuer-fahnen-bis-120-x-300-cm\"><img loading=\"lazy\" decoding=\"async\" class=\"aligncenter wp-image-4246 size-full\" title=\"Mobile Fahnenmast-Dreier-Gruppe f\u00fcr Fahnen bis 120 x 300 cm - ohne Hiss-Vorrichtung\" src=\"https:\/\/www.hermann-direkt.de\/magazin\/wp-content\/uploads\/2024\/02\/Mobile-Fahnenmast-Dreier-Gruppe-fuer-Fahnen-bis-120-x-300-cm-ohne-Hiss-Vorrichtung.jpg\" alt=\"Mobile Fahnenmast-Dreier-Gruppe f\u00fcr Fahnen bis 120 x 300 cm - ohne Hiss-Vorrichtung\" width=\"1280\" height=\"1280\" srcset=\"https:\/\/www.hermann-direkt.de\/magazin\/wp-content\/uploads\/2024\/02\/Mobile-Fahnenmast-Dreier-Gruppe-fuer-Fahnen-bis-120-x-300-cm-ohne-Hiss-Vorrichtung.jpg 1280w, https:\/\/www.hermann-direkt.de\/magazin\/wp-content\/uploads\/2024\/02\/Mobile-Fahnenmast-Dreier-Gruppe-fuer-Fahnen-bis-120-x-300-cm-ohne-Hiss-Vorrichtung-300x300.jpg 300w, https:\/\/www.hermann-direkt.de\/magazin\/wp-content\/uploads\/2024\/02\/Mobile-Fahnenmast-Dreier-Gruppe-fuer-Fahnen-bis-120-x-300-cm-ohne-Hiss-Vorrichtung-1024x1024.jpg 1024w, https:\/\/www.hermann-direkt.de\/magazin\/wp-content\/uploads\/2024\/02\/Mobile-Fahnenmast-Dreier-Gruppe-fuer-Fahnen-bis-120-x-300-cm-ohne-Hiss-Vorrichtung-150x150.jpg 150w, https:\/\/www.hermann-direkt.de\/magazin\/wp-content\/uploads\/2024\/02\/Mobile-Fahnenmast-Dreier-Gruppe-fuer-Fahnen-bis-120-x-300-cm-ohne-Hiss-Vorrichtung-768x768.jpg 768w\" sizes=\"(max-width: 1280px) 100vw, 1280px\" \/><\/a><\/p>\n<h3><span class=\"ez-toc-section\" id=\"Beleuchtete_Fahnenstangen\"><\/span>Beleuchtete Fahnenstangen<span class=\"ez-toc-section-end\"><\/span><\/h3>\n<p style=\"text-align: justify;\">Einen besonders eindrucksvollen Effekt erzielen Sie mit einem beleuchteten Fahnenmast. Am oberen Ende des Mastes befinden sich zwei seitlich montierte Halogenstrahler, die die Fahne in ein angenehmes Licht tauchen. So kann die Beschriftung auch bei Dunkelheit jederzeit gelesen werden.<\/p>\n<p><a href=\"https:\/\/www.hermann-direkt.de\/fahnenmast-7-meter-mit-ausleger-und-beleuchtung\"><img loading=\"lazy\" decoding=\"async\" class=\"aligncenter wp-image-4248 size-full\" title=\"Fahnenmast 7 Meter mit Ausleger und Beleuchtung\" src=\"https:\/\/www.hermann-direkt.de\/magazin\/wp-content\/uploads\/2024\/02\/54201107.jpg\" alt=\"Fahnenmast 7 Meter mit Ausleger und Beleuchtung\" width=\"1280\" height=\"1280\" srcset=\"https:\/\/www.hermann-direkt.de\/magazin\/wp-content\/uploads\/2024\/02\/54201107.jpg 1280w, https:\/\/www.hermann-direkt.de\/magazin\/wp-content\/uploads\/2024\/02\/54201107-300x300.jpg 300w, https:\/\/www.hermann-direkt.de\/magazin\/wp-content\/uploads\/2024\/02\/54201107-1024x1024.jpg 1024w, https:\/\/www.hermann-direkt.de\/magazin\/wp-content\/uploads\/2024\/02\/54201107-150x150.jpg 150w, https:\/\/www.hermann-direkt.de\/magazin\/wp-content\/uploads\/2024\/02\/54201107-768x768.jpg 768w\" sizes=\"(max-width: 1280px) 100vw, 1280px\" \/><\/a><\/p>\n<h3><span class=\"ez-toc-section\" id=\"Ergaenzendes_Zubehoer\"><\/span>Erg\u00e4nzendes Zubeh\u00f6r<span class=\"ez-toc-section-end\"><\/span><\/h3>\n<p style=\"text-align: justify;\">Mit <a href=\"https:\/\/www.hermann-direkt.de\/fahnenmasten\/zubehoer\">entsprechendem Zubeh\u00f6r f\u00fcr den Fahnenmast<\/a> kann dieser leicht optimiert werden. Ein Beispiel ist die au\u00dfen liegende Hissvorrichtung, die nachtr\u00e4glich montiert werden kann. Sie eignet sich f\u00fcr Masten aus Aluminium, Stahlrohr, Holz und vielem mehr. Um die Hissvorrichtung nutzen zu k\u00f6nnen, werden ein Hissseil sowie eine Seilkupplung ben\u00f6tigt. Einige Modelle verf\u00fcgen zudem \u00fcber eine Klampe. Achten Sie beim Kauf unbedingt darauf, dass die Hissvorrichtung f\u00fcr den Umfang Ihres Fahnenmastes geeignet ist. Dar\u00fcber hinaus k\u00f6nnen Sie eine zus\u00e4tzliche Bodenh\u00fclse zum Einbetonieren erwerben. Das erlaubt es Ihnen auch fest montierte Masten an unterschiedlichen Stellen variabel einzusetzen. Auch Fahnengewichte und drehbare Ausleger sind einzeln erh\u00e4ltlich. Weiterhin empfehlenswert sind Mastringe aus Gummi.<\/p>\n<p><a href=\"https:\/\/www.hermann-direkt.de\/hiss-vorrichtung-de-luxe-fuer-fahnenmasten\"><img loading=\"lazy\" decoding=\"async\" class=\"aligncenter wp-image-4251\" title=\"Hiss-Vorrichtung &quot;De Luxe&quot; f\u00fcr Fahnenmasten\" src=\"https:\/\/www.hermann-direkt.de\/magazin\/wp-content\/uploads\/2024\/02\/Hiss-Vorrichtung-_De-Luxe_-fuer-Fahnenmasten.jpg\" alt=\"Hiss-Vorrichtung &quot;De Luxe&quot; f\u00fcr Fahnenmasten\" width=\"715\" height=\"692\" srcset=\"https:\/\/www.hermann-direkt.de\/magazin\/wp-content\/uploads\/2024\/02\/Hiss-Vorrichtung-_De-Luxe_-fuer-Fahnenmasten.jpg 1216w, https:\/\/www.hermann-direkt.de\/magazin\/wp-content\/uploads\/2024\/02\/Hiss-Vorrichtung-_De-Luxe_-fuer-Fahnenmasten-300x290.jpg 300w, https:\/\/www.hermann-direkt.de\/magazin\/wp-content\/uploads\/2024\/02\/Hiss-Vorrichtung-_De-Luxe_-fuer-Fahnenmasten-1024x990.jpg 1024w, https:\/\/www.hermann-direkt.de\/magazin\/wp-content\/uploads\/2024\/02\/Hiss-Vorrichtung-_De-Luxe_-fuer-Fahnenmasten-768x743.jpg 768w\" sizes=\"(max-width: 715px) 100vw, 715px\" \/><\/a><\/p>\n<h2><span class=\"ez-toc-section\" id=\"Effiziente_Werbung_mit_grosser_Reichweite_%E2%80%93_Fahnenstangen_mit_ansprechender_Beflaggung\"><\/span>Effiziente Werbung mit gro\u00dfer Reichweite \u2013 Fahnenstangen mit ansprechender Beflaggung<span class=\"ez-toc-section-end\"><\/span><\/h2>\n<p style=\"text-align: justify;\">Ganz gleich, f\u00fcr welche Variante Sie sich entscheiden \u2013 mit bedruckten Fahnen sind Sie bzw. Ihr Autohaus bereits von Weitem sichtbar. Durch die sanfte Bewegung der Flaggen im Wind wird die Wahrnehmbarkeit zus\u00e4tzlich erh\u00f6ht. Doch Vorsicht! Wird die Beflaggung nicht ausreichend fixiert, wird Ihre Werbebotschaft nur noch eingeschr\u00e4nkt lesbar sein. Empfehlenswert sind daher Fahnenstangen mit Ausleger. Bei der Farbwahl des Fahnenstoffes sollten Sie unbedingt darauf achten, dass diese zur Corporate Identity Ihres Unternehmens passt. Zeitgleich sollte sie nat\u00fcrlich dazu geeignet sein, die Blicke auf sich zu ziehen. Achten Sie dar\u00fcber hinaus auf einen guten Farbkontrast des Stoffes zur Schriftfarbe.<\/p>\n<p>\u00a0 \u00a0 \u00a0 \u00a0 \u00a0 <a href=\"https:\/\/www.hermann-direkt.de\/fahne-wir-kaufen-ihr-auto-design-schwarz\"><img loading=\"lazy\" decoding=\"async\" class=\"alignnone wp-image-4254\" title=\"Fahne &quot;Wir kaufen Ihr Auto&quot;, Design schwarz\" src=\"https:\/\/www.hermann-direkt.de\/magazin\/wp-content\/uploads\/2024\/02\/Fahne-Wir-kaufen-Ihr-Auto-Design-schwarz-1.jpg\" alt=\"Fahne &quot;Wir kaufen Ihr Auto&quot;, Design schwarz\" width=\"358\" height=\"615\" srcset=\"https:\/\/www.hermann-direkt.de\/magazin\/wp-content\/uploads\/2024\/02\/Fahne-Wir-kaufen-Ihr-Auto-Design-schwarz-1.jpg 664w, https:\/\/www.hermann-direkt.de\/magazin\/wp-content\/uploads\/2024\/02\/Fahne-Wir-kaufen-Ihr-Auto-Design-schwarz-1-175x300.jpg 175w, https:\/\/www.hermann-direkt.de\/magazin\/wp-content\/uploads\/2024\/02\/Fahne-Wir-kaufen-Ihr-Auto-Design-schwarz-1-596x1024.jpg 596w\" sizes=\"(max-width: 358px) 100vw, 358px\" \/><\/a> \u00a0 \u00a0 \u00a0 \u00a0 \u00a0 \u00a0 <a href=\"https:\/\/www.hermann-direkt.de\/fahnen-150-x-400-cm-blau\"><img loading=\"lazy\" decoding=\"async\" class=\"alignnone wp-image-4256\" title=\"Fahnen 150 x 400 cm, blau - EU-NEUWAGEN\" src=\"https:\/\/www.hermann-direkt.de\/magazin\/wp-content\/uploads\/2024\/02\/Fahnen-150-x-400-cm-blau-EU-NEUWAGEN-1.jpg\" alt=\"Fahnen 150 x 400 cm, blau - EU-NEUWAGEN\" width=\"330\" height=\"606\" srcset=\"https:\/\/www.hermann-direkt.de\/magazin\/wp-content\/uploads\/2024\/02\/Fahnen-150-x-400-cm-blau-EU-NEUWAGEN-1.jpg 660w, https:\/\/www.hermann-direkt.de\/magazin\/wp-content\/uploads\/2024\/02\/Fahnen-150-x-400-cm-blau-EU-NEUWAGEN-1-163x300.jpg 163w, https:\/\/www.hermann-direkt.de\/magazin\/wp-content\/uploads\/2024\/02\/Fahnen-150-x-400-cm-blau-EU-NEUWAGEN-1-558x1024.jpg 558w\" sizes=\"(max-width: 330px) 100vw, 330px\" \/><\/a><\/p>\n<p style=\"text-align: justify;\">Je einfacher die von Ihnen gew\u00e4hlten Slogans sind, desto schneller k\u00f6nnen Sie wahrgenommen werden. Dies ist insbesondere bei vorbeifahrenden Verkehrsteilnehmern vorteilhaft. Neben individuell bedruckbaren Fahnen bieten sich auch bereits vorgefertigte Modelle an, um Ihren Firmenhof aufwerten zu k\u00f6nnen. Fahnenstangen mit Ihrer Werbefahne sind nicht nur im Autohaus-Marketing zielf\u00fchrend. Auch bei Autowerkst\u00e4tten oder auch bei Betrieben jenseits der Automobilindustrie entfalten Masten mit Werbeflaggen Ihre Wirkung. Sei es f\u00fcr einen Handwerksbetrieb, eine B\u00e4ckerei oder einen Sonderpostenmarkt \u2013 zeigen Sie Flagge! Fahnenmasten und individuell bedruckte Werbefahnen sind eine lohnenswerte Investition, die sich f\u00fcr das erfolgreiche Marketing f\u00fcr Unternehmen aller Art auszahlt.<\/p>\n","protected":false},"excerpt":{"rendered":"<p>\u00ab Mit optimalen Hissvorrichtungen und Befestigungsl\u00f6sungen den Werbeeffekt maximieren \u00bb Sehen und gesehen werden \u2013 mit einer eindrucksvollen Werbefahne l\u00e4sst sich maximale Aufmerksamkeit generieren. Nicht nur beim Autohaus-Marketing spielen Fahnen mit dem eigenen Werbeaufdruck eine gro\u00dfe Rolle. Um dieses effektive Werbemittel zu nutzen, ist allerdings ein geeigneter Fahnenmast nebst Verankerung erforderlich. Die Bedeutung eines idealen &hellip;<\/p>\n","protected":false},"author":1,"featured_media":4231,"comment_status":"closed","ping_status":"open","sticky":false,"template":"","format":"standard","meta":{"footnotes":""},"categories":[3],"tags":[501,722,721,725,463,719,720,432,724,723,14,429],"class_list":["post-4226","post","type-post","status-publish","format-standard","has-post-thumbnail","","category-werbung","tag-autohaus-werbung","tag-bedruckte-flaggen","tag-bedruckte-werbefahnen","tag-beleuchtete-fahnenstangen","tag-fahnen-bedrucken","tag-fahnenstangen-fuer-flaggen","tag-flaggen-mit-firmenaufdruck","tag-hissvorrichtung","tag-mobile-fahnenmasten","tag-teleskopstangen-fuer-werbefahnen","tag-werbefahnen","tag-werbeflaggen"],"yoast_head":"<!-- This site is optimized with the Yoast SEO plugin v23.2 - https:\/\/yoast.com\/wordpress\/plugins\/seo\/ -->\n<title>Fahnenstangen f\u00fcr Flaggen mit Firmenaufdruck - HERMANN Fachversand<\/title>\n<meta name=\"description\" content=\"Das Hermann-Direkt Magazin stellt unterschiedliche \u2714 Fahnenstangen, \u2714 Hissvorrichtungen und \u2714 Masten f\u00fcr die effektive Unternehmenswerbung vor!\" \/>\n<meta name=\"robots\" content=\"index, follow, max-snippet:-1, max-image-preview:large, max-video-preview:-1\" \/>\n<link rel=\"canonical\" href=\"https:\/\/www.hermann-direkt.de\/magazin\/fahnenstangen-fuer-flaggen-mit-firmenaufdruck\/\" \/>\n<meta property=\"og:locale\" content=\"de_DE\" \/>\n<meta property=\"og:type\" content=\"article\" \/>\n<meta property=\"og:title\" content=\"Fahnenstangen f\u00fcr Flaggen mit Firmenaufdruck - HERMANN Fachversand\" \/>\n<meta property=\"og:description\" content=\"Das Hermann-Direkt Magazin stellt unterschiedliche \u2714 Fahnenstangen, \u2714 Hissvorrichtungen und \u2714 Masten f\u00fcr die effektive Unternehmenswerbung vor!\" \/>\n<meta property=\"og:url\" content=\"https:\/\/www.hermann-direkt.de\/magazin\/fahnenstangen-fuer-flaggen-mit-firmenaufdruck\/\" \/>\n<meta property=\"og:site_name\" content=\"HERMANN Fachversand\" \/>\n<meta property=\"article:published_time\" content=\"2022-02-03T08:00:25+00:00\" \/>\n<meta property=\"article:modified_time\" content=\"2022-02-03T08:04:46+00:00\" \/>\n<meta property=\"og:image\" content=\"https:\/\/www.hermann-direkt.de\/magazin\/wp-content\/uploads\/2024\/02\/Werbefahnen.jpg\" \/>\n\t<meta property=\"og:image:width\" content=\"1280\" \/>\n\t<meta property=\"og:image:height\" content=\"654\" \/>\n\t<meta property=\"og:image:type\" content=\"image\/jpeg\" \/>\n<meta name=\"author\" content=\"arboro\" \/>\n<meta name=\"twitter:card\" content=\"summary_large_image\" \/>\n<meta name=\"twitter:label1\" content=\"Verfasst von\" \/>\n\t<meta name=\"twitter:data1\" content=\"arboro\" \/>\n\t<meta name=\"twitter:label2\" content=\"Gesch\u00e4tzte Lesezeit\" \/>\n\t<meta name=\"twitter:data2\" content=\"9\u00a0Minuten\" \/>\n<script type=\"application\/ld+json\" class=\"yoast-schema-graph\">{\"@context\":\"https:\/\/schema.org\",\"@graph\":[{\"@type\":\"WebPage\",\"@id\":\"https:\/\/www.hermann-direkt.de\/magazin\/fahnenstangen-fuer-flaggen-mit-firmenaufdruck\/\",\"url\":\"https:\/\/www.hermann-direkt.de\/magazin\/fahnenstangen-fuer-flaggen-mit-firmenaufdruck\/\",\"name\":\"Fahnenstangen f\u00fcr Flaggen mit Firmenaufdruck - HERMANN Fachversand\",\"isPartOf\":{\"@id\":\"https:\/\/www.hermann-direkt.de\/magazin\/#website\"},\"primaryImageOfPage\":{\"@id\":\"https:\/\/www.hermann-direkt.de\/magazin\/fahnenstangen-fuer-flaggen-mit-firmenaufdruck\/#primaryimage\"},\"image\":{\"@id\":\"https:\/\/www.hermann-direkt.de\/magazin\/fahnenstangen-fuer-flaggen-mit-firmenaufdruck\/#primaryimage\"},\"thumbnailUrl\":\"https:\/\/www.hermann-direkt.de\/magazin\/wp-content\/uploads\/2024\/02\/Werbefahnen.jpg\",\"datePublished\":\"2022-02-03T08:00:25+00:00\",\"dateModified\":\"2022-02-03T08:04:46+00:00\",\"author\":{\"@id\":\"https:\/\/www.hermann-direkt.de\/magazin\/#\/schema\/person\/d6d6de3468686f9fc5e5152f403cd1ef\"},\"description\":\"Das Hermann-Direkt Magazin stellt unterschiedliche \u2714 Fahnenstangen, \u2714 Hissvorrichtungen und \u2714 Masten f\u00fcr die effektive Unternehmenswerbung vor!\",\"breadcrumb\":{\"@id\":\"https:\/\/www.hermann-direkt.de\/magazin\/fahnenstangen-fuer-flaggen-mit-firmenaufdruck\/#breadcrumb\"},\"inLanguage\":\"de\",\"potentialAction\":[{\"@type\":\"ReadAction\",\"target\":[\"https:\/\/www.hermann-direkt.de\/magazin\/fahnenstangen-fuer-flaggen-mit-firmenaufdruck\/\"]}]},{\"@type\":\"ImageObject\",\"inLanguage\":\"de\",\"@id\":\"https:\/\/www.hermann-direkt.de\/magazin\/fahnenstangen-fuer-flaggen-mit-firmenaufdruck\/#primaryimage\",\"url\":\"https:\/\/www.hermann-direkt.de\/magazin\/wp-content\/uploads\/2024\/02\/Werbefahnen.jpg\",\"contentUrl\":\"https:\/\/www.hermann-direkt.de\/magazin\/wp-content\/uploads\/2024\/02\/Werbefahnen.jpg\",\"width\":1280,\"height\":654,\"caption\":\"Fahnenstangen und Fahnen\"},{\"@type\":\"BreadcrumbList\",\"@id\":\"https:\/\/www.hermann-direkt.de\/magazin\/fahnenstangen-fuer-flaggen-mit-firmenaufdruck\/#breadcrumb\",\"itemListElement\":[{\"@type\":\"ListItem\",\"position\":1,\"name\":\"Startseite\",\"item\":\"https:\/\/www.hermann-direkt.de\/magazin\/\"},{\"@type\":\"ListItem\",\"position\":2,\"name\":\"Fahnenstangen f\u00fcr Flaggen mit Firmenaufdruck\"}]},{\"@type\":\"WebSite\",\"@id\":\"https:\/\/www.hermann-direkt.de\/magazin\/#website\",\"url\":\"https:\/\/www.hermann-direkt.de\/magazin\/\",\"name\":\"HERMANN Fachversand\",\"description\":\"\",\"potentialAction\":[{\"@type\":\"SearchAction\",\"target\":{\"@type\":\"EntryPoint\",\"urlTemplate\":\"https:\/\/www.hermann-direkt.de\/magazin\/?s={search_term_string}\"},\"query-input\":\"required name=search_term_string\"}],\"inLanguage\":\"de\"},{\"@type\":\"Person\",\"@id\":\"https:\/\/www.hermann-direkt.de\/magazin\/#\/schema\/person\/d6d6de3468686f9fc5e5152f403cd1ef\",\"name\":\"arboro\",\"image\":{\"@type\":\"ImageObject\",\"inLanguage\":\"de\",\"@id\":\"https:\/\/www.hermann-direkt.de\/magazin\/#\/schema\/person\/image\/\",\"url\":\"https:\/\/secure.gravatar.com\/avatar\/a794a4fe8a9b9c52241597eb381dfa2e?s=96&d=mm&r=g\",\"contentUrl\":\"https:\/\/secure.gravatar.com\/avatar\/a794a4fe8a9b9c52241597eb381dfa2e?s=96&d=mm&r=g\",\"caption\":\"arboro\"}}]}<\/script>\n<!-- \/ Yoast SEO plugin. -->","yoast_head_json":{"title":"Fahnenstangen f\u00fcr Flaggen mit Firmenaufdruck - HERMANN Fachversand","description":"Das Hermann-Direkt Magazin stellt unterschiedliche \u2714 Fahnenstangen, \u2714 Hissvorrichtungen und \u2714 Masten f\u00fcr die effektive Unternehmenswerbung vor!","robots":{"index":"index","follow":"follow","max-snippet":"max-snippet:-1","max-image-preview":"max-image-preview:large","max-video-preview":"max-video-preview:-1"},"canonical":"https:\/\/www.hermann-direkt.de\/magazin\/fahnenstangen-fuer-flaggen-mit-firmenaufdruck\/","og_locale":"de_DE","og_type":"article","og_title":"Fahnenstangen f\u00fcr Flaggen mit Firmenaufdruck - HERMANN Fachversand","og_description":"Das Hermann-Direkt Magazin stellt unterschiedliche \u2714 Fahnenstangen, \u2714 Hissvorrichtungen und \u2714 Masten f\u00fcr die effektive Unternehmenswerbung vor!","og_url":"https:\/\/www.hermann-direkt.de\/magazin\/fahnenstangen-fuer-flaggen-mit-firmenaufdruck\/","og_site_name":"HERMANN Fachversand","article_published_time":"2022-02-03T08:00:25+00:00","article_modified_time":"2022-02-03T08:04:46+00:00","og_image":[{"width":1280,"height":654,"url":"https:\/\/www.hermann-direkt.de\/magazin\/wp-content\/uploads\/2024\/02\/Werbefahnen.jpg","type":"image\/jpeg"}],"author":"arboro","twitter_card":"summary_large_image","twitter_misc":{"Verfasst von":"arboro","Gesch\u00e4tzte Lesezeit":"9\u00a0Minuten"},"schema":{"@context":"https:\/\/schema.org","@graph":[{"@type":"WebPage","@id":"https:\/\/www.hermann-direkt.de\/magazin\/fahnenstangen-fuer-flaggen-mit-firmenaufdruck\/","url":"https:\/\/www.hermann-direkt.de\/magazin\/fahnenstangen-fuer-flaggen-mit-firmenaufdruck\/","name":"Fahnenstangen f\u00fcr Flaggen mit Firmenaufdruck - HERMANN Fachversand","isPartOf":{"@id":"https:\/\/www.hermann-direkt.de\/magazin\/#website"},"primaryImageOfPage":{"@id":"https:\/\/www.hermann-direkt.de\/magazin\/fahnenstangen-fuer-flaggen-mit-firmenaufdruck\/#primaryimage"},"image":{"@id":"https:\/\/www.hermann-direkt.de\/magazin\/fahnenstangen-fuer-flaggen-mit-firmenaufdruck\/#primaryimage"},"thumbnailUrl":"https:\/\/www.hermann-direkt.de\/magazin\/wp-content\/uploads\/2024\/02\/Werbefahnen.jpg","datePublished":"2022-02-03T08:00:25+00:00","dateModified":"2022-02-03T08:04:46+00:00","author":{"@id":"https:\/\/www.hermann-direkt.de\/magazin\/#\/schema\/person\/d6d6de3468686f9fc5e5152f403cd1ef"},"description":"Das Hermann-Direkt Magazin stellt unterschiedliche \u2714 Fahnenstangen, \u2714 Hissvorrichtungen und \u2714 Masten f\u00fcr die effektive Unternehmenswerbung vor!","breadcrumb":{"@id":"https:\/\/www.hermann-direkt.de\/magazin\/fahnenstangen-fuer-flaggen-mit-firmenaufdruck\/#breadcrumb"},"inLanguage":"de","potentialAction":[{"@type":"ReadAction","target":["https:\/\/www.hermann-direkt.de\/magazin\/fahnenstangen-fuer-flaggen-mit-firmenaufdruck\/"]}]},{"@type":"ImageObject","inLanguage":"de","@id":"https:\/\/www.hermann-direkt.de\/magazin\/fahnenstangen-fuer-flaggen-mit-firmenaufdruck\/#primaryimage","url":"https:\/\/www.hermann-direkt.de\/magazin\/wp-content\/uploads\/2024\/02\/Werbefahnen.jpg","contentUrl":"https:\/\/www.hermann-direkt.de\/magazin\/wp-content\/uploads\/2024\/02\/Werbefahnen.jpg","width":1280,"height":654,"caption":"Fahnenstangen und Fahnen"},{"@type":"BreadcrumbList","@id":"https:\/\/www.hermann-direkt.de\/magazin\/fahnenstangen-fuer-flaggen-mit-firmenaufdruck\/#breadcrumb","itemListElement":[{"@type":"ListItem","position":1,"name":"Startseite","item":"https:\/\/www.hermann-direkt.de\/magazin\/"},{"@type":"ListItem","position":2,"name":"Fahnenstangen f\u00fcr Flaggen mit Firmenaufdruck"}]},{"@type":"WebSite","@id":"https:\/\/www.hermann-direkt.de\/magazin\/#website","url":"https:\/\/www.hermann-direkt.de\/magazin\/","name":"HERMANN Fachversand","description":"","potentialAction":[{"@type":"SearchAction","target":{"@type":"EntryPoint","urlTemplate":"https:\/\/www.hermann-direkt.de\/magazin\/?s={search_term_string}"},"query-input":"required name=search_term_string"}],"inLanguage":"de"},{"@type":"Person","@id":"https:\/\/www.hermann-direkt.de\/magazin\/#\/schema\/person\/d6d6de3468686f9fc5e5152f403cd1ef","name":"arboro","image":{"@type":"ImageObject","inLanguage":"de","@id":"https:\/\/www.hermann-direkt.de\/magazin\/#\/schema\/person\/image\/","url":"https:\/\/secure.gravatar.com\/avatar\/a794a4fe8a9b9c52241597eb381dfa2e?s=96&d=mm&r=g","contentUrl":"https:\/\/secure.gravatar.com\/avatar\/a794a4fe8a9b9c52241597eb381dfa2e?s=96&d=mm&r=g","caption":"arboro"}}]}},"_links":{"self":[{"href":"https:\/\/www.hermann-direkt.de\/magazin\/wp-json\/wp\/v2\/posts\/4226"}],"collection":[{"href":"https:\/\/www.hermann-direkt.de\/magazin\/wp-json\/wp\/v2\/posts"}],"about":[{"href":"https:\/\/www.hermann-direkt.de\/magazin\/wp-json\/wp\/v2\/types\/post"}],"author":[{"embeddable":true,"href":"https:\/\/www.hermann-direkt.de\/magazin\/wp-json\/wp\/v2\/users\/1"}],"replies":[{"embeddable":true,"href":"https:\/\/www.hermann-direkt.de\/magazin\/wp-json\/wp\/v2\/comments?post=4226"}],"version-history":[{"count":23,"href":"https:\/\/www.hermann-direkt.de\/magazin\/wp-json\/wp\/v2\/posts\/4226\/revisions"}],"predecessor-version":[{"id":4264,"href":"https:\/\/www.hermann-direkt.de\/magazin\/wp-json\/wp\/v2\/posts\/4226\/revisions\/4264"}],"wp:featuredmedia":[{"embeddable":true,"href":"https:\/\/www.hermann-direkt.de\/magazin\/wp-json\/wp\/v2\/media\/4231"}],"wp:attachment":[{"href":"https:\/\/www.hermann-direkt.de\/magazin\/wp-json\/wp\/v2\/media?parent=4226"}],"wp:term":[{"taxonomy":"category","embeddable":true,"href":"https:\/\/www.hermann-direkt.de\/magazin\/wp-json\/wp\/v2\/categories?post=4226"},{"taxonomy":"post_tag","embeddable":true,"href":"https:\/\/www.hermann-direkt.de\/magazin\/wp-json\/wp\/v2\/tags?post=4226"}],"curies":[{"name":"wp","href":"https:\/\/api.w.org\/{rel}","templated":true}]}}