{"id":3275,"date":"2021-07-06T08:45:42","date_gmt":"2021-07-06T06:45:42","guid":{"rendered":"https:\/\/www.hermann-direkt.de\/magazin\/?p=3275"},"modified":"2021-07-06T09:46:27","modified_gmt":"2021-07-06T07:46:27","slug":"individuelle-promotionstaende-kaufen","status":"publish","type":"post","link":"https:\/\/www.hermann-direkt.de\/magazin\/individuelle-promotionstaende-kaufen\/","title":{"rendered":"Individuelle Promotionst\u00e4nde kaufen"},"content":{"rendered":"<div id=\"ez-toc-container\" class=\"ez-toc-v2_0_68_1 ez-toc-wrap-center counter-hierarchy ez-toc-counter ez-toc-grey ez-toc-container-direction\">\n<div class=\"ez-toc-title-container\">\n<p class=\"ez-toc-title \" >Inhaltsverzeichnis<\/p>\n<span class=\"ez-toc-title-toggle\"><a href=\"#\" class=\"ez-toc-pull-right ez-toc-btn ez-toc-btn-xs ez-toc-btn-default ez-toc-toggle\" aria-label=\"Toggle Table of Content\"><span class=\"ez-toc-js-icon-con\"><span class=\"\"><span class=\"eztoc-hide\" style=\"display:none;\">Toggle<\/span><span class=\"ez-toc-icon-toggle-span\"><svg style=\"fill: #999;color:#999\" xmlns=\"http:\/\/www.w3.org\/2000\/svg\" class=\"list-377408\" width=\"20px\" height=\"20px\" viewBox=\"0 0 24 24\" fill=\"none\"><path d=\"M6 6H4v2h2V6zm14 0H8v2h12V6zM4 11h2v2H4v-2zm16 0H8v2h12v-2zM4 16h2v2H4v-2zm16 0H8v2h12v-2z\" fill=\"currentColor\"><\/path><\/svg><svg style=\"fill: #999;color:#999\" class=\"arrow-unsorted-368013\" xmlns=\"http:\/\/www.w3.org\/2000\/svg\" width=\"10px\" height=\"10px\" viewBox=\"0 0 24 24\" version=\"1.2\" baseProfile=\"tiny\"><path d=\"M18.2 9.3l-6.2-6.3-6.2 6.3c-.2.2-.3.4-.3.7s.1.5.3.7c.2.2.4.3.7.3h11c.3 0 .5-.1.7-.3.2-.2.3-.5.3-.7s-.1-.5-.3-.7zM5.8 14.7l6.2 6.3 6.2-6.3c.2-.2.3-.5.3-.7s-.1-.5-.3-.7c-.2-.2-.4-.3-.7-.3h-11c-.3 0-.5.1-.7.3-.2.2-.3.5-.3.7s.1.5.3.7z\"\/><\/svg><\/span><\/span><\/span><\/a><\/span><\/div>\n<nav><ul class='ez-toc-list ez-toc-list-level-1 ' ><li class='ez-toc-page-1 ez-toc-heading-level-2'><a class=\"ez-toc-link ez-toc-heading-1\" href=\"https:\/\/www.hermann-direkt.de\/magazin\/individuelle-promotionstaende-kaufen\/#%C2%AB_Erfolgreich_mit_individuellen_Messecountern_%C2%BB\" title=\"\u00ab Erfolgreich mit individuellen Messecountern \u00bb\">\u00ab Erfolgreich mit individuellen Messecountern \u00bb<\/a><\/li><li class='ez-toc-page-1 ez-toc-heading-level-2'><a class=\"ez-toc-link ez-toc-heading-2\" href=\"https:\/\/www.hermann-direkt.de\/magazin\/individuelle-promotionstaende-kaufen\/#Im_Online-Shop_Promotionstaende_kaufen\" title=\"Im Online-Shop Promotionst\u00e4nde kaufen\">Im Online-Shop Promotionst\u00e4nde kaufen<\/a><\/li><li class='ez-toc-page-1 ez-toc-heading-level-2'><a class=\"ez-toc-link ez-toc-heading-3\" href=\"https:\/\/www.hermann-direkt.de\/magazin\/individuelle-promotionstaende-kaufen\/#Eine_individuelle_Bedruckung_macht_den_grossen_Unterschied\" title=\"Eine individuelle Bedruckung macht den gro\u00dfen Unterschied\">Eine individuelle Bedruckung macht den gro\u00dfen Unterschied<\/a><\/li><li class='ez-toc-page-1 ez-toc-heading-level-2'><a class=\"ez-toc-link ez-toc-heading-4\" href=\"https:\/\/www.hermann-direkt.de\/magazin\/individuelle-promotionstaende-kaufen\/#Mit_der_optimalen_Messetheke_gezielt_zum_Erfolg\" title=\"Mit der optimalen Messetheke gezielt zum Erfolg\">Mit der optimalen Messetheke gezielt zum Erfolg<\/a><\/li><li class='ez-toc-page-1 ez-toc-heading-level-2'><a class=\"ez-toc-link ez-toc-heading-5\" href=\"https:\/\/www.hermann-direkt.de\/magazin\/individuelle-promotionstaende-kaufen\/#Promotion_leicht_gemacht\" title=\"Promotion leicht gemacht\">Promotion leicht gemacht<\/a><\/li><li class='ez-toc-page-1 ez-toc-heading-level-2'><a class=\"ez-toc-link ez-toc-heading-6\" href=\"https:\/\/www.hermann-direkt.de\/magazin\/individuelle-promotionstaende-kaufen\/#Eine_ansprechende_Praesentation_an_jedem_Ort\" title=\"Eine ansprechende Pr\u00e4sentation an jedem Ort\">Eine ansprechende Pr\u00e4sentation an jedem Ort<\/a><\/li><li class='ez-toc-page-1 ez-toc-heading-level-2'><a class=\"ez-toc-link ez-toc-heading-7\" href=\"https:\/\/www.hermann-direkt.de\/magazin\/individuelle-promotionstaende-kaufen\/#Flexibel_und_langlebig_%E2%80%93_der_ideale_Begleiter_fuer_jede_Promo-Aktion\" title=\"Flexibel und langlebig \u2013 der ideale Begleiter f\u00fcr jede Promo-Aktion\">Flexibel und langlebig \u2013 der ideale Begleiter f\u00fcr jede Promo-Aktion<\/a><\/li><li class='ez-toc-page-1 ez-toc-heading-level-2'><a class=\"ez-toc-link ez-toc-heading-8\" href=\"https:\/\/www.hermann-direkt.de\/magazin\/individuelle-promotionstaende-kaufen\/#Promotionstaende_%E2%80%93_Vielseitigkeit_ist_Trumpf\" title=\"Promotionst\u00e4nde \u2013 Vielseitigkeit ist Trumpf\">Promotionst\u00e4nde \u2013 Vielseitigkeit ist Trumpf<\/a><ul class='ez-toc-list-level-3' ><li class='ez-toc-heading-level-3'><a class=\"ez-toc-link ez-toc-heading-9\" href=\"https:\/\/www.hermann-direkt.de\/magazin\/individuelle-promotionstaende-kaufen\/#Funktion_bestimmt_das_Design\" title=\"Funktion bestimmt das Design?\">Funktion bestimmt das Design?<\/a><\/li><li class='ez-toc-page-1 ez-toc-heading-level-3'><a class=\"ez-toc-link ez-toc-heading-10\" href=\"https:\/\/www.hermann-direkt.de\/magazin\/individuelle-promotionstaende-kaufen\/#Auffallen_um_jeden_Preis\" title=\"Auffallen um jeden Preis?\">Auffallen um jeden Preis?<\/a><\/li><li class='ez-toc-page-1 ez-toc-heading-level-3'><a class=\"ez-toc-link ez-toc-heading-11\" href=\"https:\/\/www.hermann-direkt.de\/magazin\/individuelle-promotionstaende-kaufen\/#Aufsehenerregende_Promotiontheken_als_optisches_Highlight\" title=\"Aufsehenerregende Promotiontheken als optisches Highlight\">Aufsehenerregende Promotiontheken als optisches Highlight<\/a><\/li><li class='ez-toc-page-1 ez-toc-heading-level-3'><a class=\"ez-toc-link ez-toc-heading-12\" href=\"https:\/\/www.hermann-direkt.de\/magazin\/individuelle-promotionstaende-kaufen\/#Innovatives_Design_trifft_auf_effektvolle_Hintergruende\" title=\"Innovatives Design trifft auf effektvolle Hintergr\u00fcnde\">Innovatives Design trifft auf effektvolle Hintergr\u00fcnde<\/a><\/li><li class='ez-toc-page-1 ez-toc-heading-level-3'><a class=\"ez-toc-link ez-toc-heading-13\" href=\"https:\/\/www.hermann-direkt.de\/magazin\/individuelle-promotionstaende-kaufen\/#Mit_aussergewoehnlichen_Formen_die_Neugier_der_Besucher_wecken\" title=\"Mit au\u00dfergew\u00f6hnlichen Formen die Neugier der Besucher wecken\">Mit au\u00dfergew\u00f6hnlichen Formen die Neugier der Besucher wecken<\/a><\/li><li class='ez-toc-page-1 ez-toc-heading-level-3'><a class=\"ez-toc-link ez-toc-heading-14\" href=\"https:\/\/www.hermann-direkt.de\/magazin\/individuelle-promotionstaende-kaufen\/#Das_Highlight_Ihres_Promotion-Events\" title=\"Das Highlight Ihres Promotion-Events\">Das Highlight Ihres Promotion-Events<\/a><\/li><\/ul><\/li><\/ul><\/nav><\/div>\n<h2><span class=\"ez-toc-section\" id=\"%C2%AB_Erfolgreich_mit_individuellen_Messecountern_%C2%BB\"><\/span>\u00ab Erfolgreich mit individuellen Messecountern \u00bb<span class=\"ez-toc-section-end\"><\/span><\/h2>\n<p style=\"text-align: justify;\"><strong>Promotionst\u00e4nde punkten durch ihren vielf\u00e4ltigen Einsatzm\u00f6glichkeiten. Ob auf Events, Messen oder auch als zus\u00e4tzlicher Verkaufsstand \u2013 die praktische Promotheke nimmt nicht viel Raum ein und ist mit wenigen Handgriffen auf- und abgebaut. Wer auf Qualit\u00e4t und ansprechendes Design achtet, wird belohnt. Die optische Performance einer <\/strong><a href=\"https:\/\/www.hermann-direkt.de\/werbetechnik\/messestand\/messetheke\"><strong>Messetheke<\/strong><\/a><strong> spiegelt die Kompetenz des eigenen Unternehmens. Ob im B2B- oder im B2C-Bereich, Promotionst\u00e4nde sind ideal, um das eigene Corporate Design gekonnt in Szene zu setzen und nonverbale Werbebotschaften zu transportieren.<\/strong><\/p>\n<h2><span class=\"ez-toc-section\" id=\"Im_Online-Shop_Promotionstaende_kaufen\"><\/span>Im Online-Shop Promotionst\u00e4nde kaufen<span class=\"ez-toc-section-end\"><\/span><\/h2>\n<p style=\"text-align: justify;\">Wer online Promotionst\u00e4nde kaufen m\u00f6chte, trifft auf eine vielf\u00e4ltige Auswahl. Ganz bequem von zu Hause aus ist es ganz leicht, das passende Modell zu finden. Mal in quadratisch, mal in rund, mal in stylisher Wellenform \u2013 in Form und Gr\u00f6\u00dfe bleibt nahezu kein Wunsch offen. In aller Ruhe kann man die angebotenen Varianten miteinander vergleichen und eine Entscheidung f\u00e4llen, welche Promotiontheke sich am besten f\u00fcr das geplante Projekt eignet.<\/p>\n<p><a href=\"https:\/\/www.hermann-direkt.de\/crown-truss-messetheke-65-x-65-cm\"><img loading=\"lazy\" decoding=\"async\" class=\"aligncenter wp-image-3297 size-full\" title=\"Crown Truss Messetheke 65 x 65 cm - schwarz\" src=\"https:\/\/www.hermann-direkt.de\/magazin\/wp-content\/uploads\/2023\/07\/B1002104.jpg\" alt=\"Crown Truss Messetheke 65 x 65 cm - schwarz - Promotionst\u00e4nde\" width=\"500\" height=\"596\" srcset=\"https:\/\/www.hermann-direkt.de\/magazin\/wp-content\/uploads\/2023\/07\/B1002104.jpg 500w, https:\/\/www.hermann-direkt.de\/magazin\/wp-content\/uploads\/2023\/07\/B1002104-252x300.jpg 252w\" sizes=\"(max-width: 500px) 100vw, 500px\" \/><\/a><\/p>\n<h2><span class=\"ez-toc-section\" id=\"Eine_individuelle_Bedruckung_macht_den_grossen_Unterschied\"><\/span>Eine individuelle Bedruckung macht den gro\u00dfen Unterschied<span class=\"ez-toc-section-end\"><\/span><\/h2>\n<p style=\"text-align: justify;\">Eine individuelle Bedruckung sorgt daf\u00fcr, dass der <a href=\"https:\/\/www.hermann-direkt.de\/werbetechnik\/messestand\">Messestand<\/a> zu einem Unikat wird. Gut, wer auf kurze, einpr\u00e4gsame Texte setzt. Der Besucher sollte den Inhalt mit einem Blick verstehen. Wichtig ist, dass die Gestaltung der Promotiontheke angelehnt an den Stil der f\u00fcr das Unternehmen charakteristischen Corporate Identity erstellt wird. Dank entsprechender Tools l\u00e4sst sich das eigene Logo m\u00fchelos einbinden. Wichtig ist auch, dass die Farbe so gew\u00e4hlt wird, dass sie der Repr\u00e4sentation des Unternehmens entspricht.<\/p>\n<p><a href=\"https:\/\/www.hermann-direkt.de\/crown-messestand-l-form-3-x-3\"><img loading=\"lazy\" decoding=\"async\" class=\"aligncenter wp-image-3283 size-full\" title=\"Messewand Messedisplay Express Arc PopUp - 3 x 3\" src=\"https:\/\/www.hermann-direkt.de\/magazin\/wp-content\/uploads\/2023\/07\/B1001800.jpg\" alt=\"Messewand Messedisplay Express Arc PopUp - 3 x 3 - Promotionst\u00e4nde\" width=\"850\" height=\"574\" srcset=\"https:\/\/www.hermann-direkt.de\/magazin\/wp-content\/uploads\/2023\/07\/B1001800.jpg 850w, https:\/\/www.hermann-direkt.de\/magazin\/wp-content\/uploads\/2023\/07\/B1001800-300x203.jpg 300w, https:\/\/www.hermann-direkt.de\/magazin\/wp-content\/uploads\/2023\/07\/B1001800-768x519.jpg 768w, https:\/\/www.hermann-direkt.de\/magazin\/wp-content\/uploads\/2023\/07\/B1001800-110x75.jpg 110w\" sizes=\"(max-width: 850px) 100vw, 850px\" \/><\/a><\/p>\n<h2><span class=\"ez-toc-section\" id=\"Mit_der_optimalen_Messetheke_gezielt_zum_Erfolg\"><\/span>Mit der optimalen Messetheke gezielt zum Erfolg<span class=\"ez-toc-section-end\"><\/span><\/h2>\n<p style=\"text-align: justify;\">Um die eigene Promo erfolgreich umzusetzen, m\u00fcssen einige Rahmenbedingungen erf\u00fcllt sein. Sei es f\u00fcr den Messestand oder f\u00fcr ein Event \u2013 der erste Eindruck z\u00e4hlt! Daher sollte man der optischen Gestaltung der Theke entsprechende Aufmerksamkeit widmen. Sofern es die r\u00e4umlichen Gegebenheiten erlauben, kann eine Theke mit einer extravaganten Formgebung wirkungsvolle Akzente setzen. Promotionst\u00e4nde in gebogener Silhouette strahlen eine Extra-Portion Harmonie aus. Ganz ohne Ecken und Kanten haben sie einen h\u00f6heren einladenden Effekt als ihre Kollegen in klassischer rechteckiger Form. Gleichzeitig punkten sie mit ihrem ebenso innovativen wie individuellen Look. Soll es nur eine kleine Verkaufstheke sein, kann allerdings auch eine minimalistische runde oder quadratische Theke die ideale L\u00f6sung sein. Sie haben die Wahl!<\/p>\n<figure id=\"attachment_3279\" aria-describedby=\"caption-attachment-3279\" style=\"width: 850px\" class=\"wp-caption aligncenter\"><img loading=\"lazy\" decoding=\"async\" class=\"wp-image-3279 size-full\" title=\"Wer m\u00f6chte kann seine individualisierten Promotionsst\u00e4nde bequem online bestellen\" src=\"https:\/\/www.hermann-direkt.de\/magazin\/wp-content\/uploads\/2023\/07\/Frau-Online-Shopping.jpg\" alt=\"Frau shoppt online per Laptop\" width=\"850\" height=\"567\" srcset=\"https:\/\/www.hermann-direkt.de\/magazin\/wp-content\/uploads\/2023\/07\/Frau-Online-Shopping.jpg 850w, https:\/\/www.hermann-direkt.de\/magazin\/wp-content\/uploads\/2023\/07\/Frau-Online-Shopping-300x200.jpg 300w, https:\/\/www.hermann-direkt.de\/magazin\/wp-content\/uploads\/2023\/07\/Frau-Online-Shopping-768x512.jpg 768w\" sizes=\"(max-width: 850px) 100vw, 850px\" \/><figcaption id=\"caption-attachment-3279\" class=\"wp-caption-text\">\u00a9 Stanisic Vladimir &#8211; stock.adobe.com<\/figcaption><\/figure>\n<h2><span class=\"ez-toc-section\" id=\"Promotion_leicht_gemacht\"><\/span>Promotion leicht gemacht<span class=\"ez-toc-section-end\"><\/span><\/h2>\n<p style=\"text-align: justify;\">Das Herzst\u00fcck Ihres Promo-Events ist und bleibt die Promotiontheke. Sie ist der ideale Ort, um Gespr\u00e4che zu f\u00fchren, Prospekte, <a href=\"https:\/\/www.hermann-direkt.de\/werbeartikel\">Werbeartikel<\/a> und Give-aways zu pr\u00e4sentieren oder auch kleine Snacks und Getr\u00e4nke zu reichen. Daher kann es durchaus sinnvoll sein, gleich mehrere Promotionst\u00e4nde auf dem Messestand zu etablieren. Eine Messetheke ist ein wunderbarer Baustein, um einen Messestand zu kreieren, der durch sein freundliches Erscheinungsbild zum Verweilen einl\u00e4dt.<\/p>\n<p><a href=\"https:\/\/www.hermann-direkt.de\/schluesseltasche-aus-kunstleder-mit-grauer-ecke-und-farbstreifen\"><img loading=\"lazy\" decoding=\"async\" class=\"aligncenter wp-image-3285 \" title=\"Schl\u00fcsseltasche aus Kunstleder, mit grauer Ecke und Farbstreifen\" src=\"https:\/\/www.hermann-direkt.de\/magazin\/wp-content\/uploads\/2023\/07\/64150000_0601_01-1.jpg\" alt=\"Schl\u00fcsseltasche aus Kunstleder, mit grauer Ecke und Farbstreifen\" width=\"560\" height=\"391\" srcset=\"https:\/\/www.hermann-direkt.de\/magazin\/wp-content\/uploads\/2023\/07\/64150000_0601_01-1.jpg 850w, https:\/\/www.hermann-direkt.de\/magazin\/wp-content\/uploads\/2023\/07\/64150000_0601_01-1-300x210.jpg 300w, https:\/\/www.hermann-direkt.de\/magazin\/wp-content\/uploads\/2023\/07\/64150000_0601_01-1-768x537.jpg 768w\" sizes=\"(max-width: 560px) 100vw, 560px\" \/><\/a><\/p>\n<h2><span class=\"ez-toc-section\" id=\"Eine_ansprechende_Praesentation_an_jedem_Ort\"><\/span>Eine ansprechende Pr\u00e4sentation an jedem Ort<span class=\"ez-toc-section-end\"><\/span><\/h2>\n<p style=\"text-align: justify;\">Promotionst\u00e4nde dienen als Verkaufstheke, als Empfangstheke und vieles mehr. Sie k\u00f6nnen fast \u00fcberall eingesetzt werden. Die flexiblen Helfer f\u00fcr eine optimale Promotion lassen sich im Foyer eines B\u00fcrogeb\u00e4udes aufbauen, k\u00f6nnen als i-T\u00fcpfelchen auf der Messe fungieren oder direkt am Point-of-Sale eingesetzt werden. Mal Indoor als fester Bestandteil der Ladeneinrichtung oder Outdoor zur Verkostung geladener G\u00e4ste \u2013 die einladenden Eyecatcher zeigen Wirkung!<\/p>\n<p>Die mobilen Raumwunder lassen sich zum Beispiel f\u00fcr die nachfolgenden Aufgaben nutzen:<\/p>\n<ul>\n<li>als Theke zur Verkostung von Besuchern<\/li>\n<li>als Verkaufsstand<\/li>\n<li>zur Pr\u00e4sentation unterschiedlicher Werbemittel<\/li>\n<li>als Empfangstheke<\/li>\n<\/ul>\n<p><a href=\"https:\/\/www.hermann-direkt.de\/messetheke-express-pop-up\"><img loading=\"lazy\" decoding=\"async\" class=\"aligncenter wp-image-3299 size-full\" title=\"Messetheke Express Pop Up\" src=\"https:\/\/www.hermann-direkt.de\/magazin\/wp-content\/uploads\/2023\/07\/Express-Theke_Ihr-Motiv.jpg\" alt=\"Messetheke Express Pop Up\" width=\"850\" height=\"451\" srcset=\"https:\/\/www.hermann-direkt.de\/magazin\/wp-content\/uploads\/2023\/07\/Express-Theke_Ihr-Motiv.jpg 850w, https:\/\/www.hermann-direkt.de\/magazin\/wp-content\/uploads\/2023\/07\/Express-Theke_Ihr-Motiv-300x159.jpg 300w, https:\/\/www.hermann-direkt.de\/magazin\/wp-content\/uploads\/2023\/07\/Express-Theke_Ihr-Motiv-768x407.jpg 768w, https:\/\/www.hermann-direkt.de\/magazin\/wp-content\/uploads\/2023\/07\/Express-Theke_Ihr-Motiv-310x165.jpg 310w\" sizes=\"(max-width: 850px) 100vw, 850px\" \/><\/a><\/p>\n<h2><span class=\"ez-toc-section\" id=\"Flexibel_und_langlebig_%E2%80%93_der_ideale_Begleiter_fuer_jede_Promo-Aktion\"><\/span>Flexibel und langlebig \u2013 der ideale Begleiter f\u00fcr jede Promo-Aktion<span class=\"ez-toc-section-end\"><\/span><\/h2>\n<p style=\"text-align: justify;\">Sie m\u00f6chten mobile Promotionst\u00e4nde kaufen? Dann profitieren Sie von zahlreichen Vorteilen. Im Gegensatz zu konventionellen massiven Theken punkten sie mit ihrem extrem leichten Gewicht. Besonders einfach zu transportieren sind Pop-up Counter. Mit ihren geringen Packma\u00dfen nehmen sie kaum Raum ein und lassen sich auch sehr gut lagern, wenn sie einmal nicht gebraucht werden. Meist werden sie mit einer praktischen Transporttasche geliefert, die den mobilen Einsatz zus\u00e4tzlich erleichtert.<\/p>\n<p style=\"text-align: justify;\">Wenn Sie Promotionst\u00e4nde kaufen, ist dies bei individuellen Ma\u00dfanfertigung vom Messebauer eine recht kostspielige Sache. Anders, wenn Sie sich f\u00fcr eine mobile Promotheke entscheiden. Hier sind nicht nur die Anschaffungskosten wesentlich geringer. Dank der vielseitigen Anwendungsm\u00f6glichkeiten ist diese Art von Promotheke eine Investition, die sich sehr schnell amortisiert. Die mobilen Modelle k\u00f6nnen immer wieder aufs Neue wertvolle Dienste leisten \u2013 das Einzige, worauf Sie achten m\u00fcssen, wenn Sie mobile Promotionst\u00e4nde kaufen, ist Qualit\u00e4t und eine m\u00f6glichst stabile Ausf\u00fchrung.<\/p>\n<figure id=\"attachment_3293\" aria-describedby=\"caption-attachment-3293\" style=\"width: 850px\" class=\"wp-caption aligncenter\"><img loading=\"lazy\" decoding=\"async\" class=\"wp-image-3293 size-full\" title=\"Interesse am Produkt und eine einladende Atmosph\u00e4re soll der Promotionsstand erzeugen\" src=\"https:\/\/www.hermann-direkt.de\/magazin\/wp-content\/uploads\/2023\/07\/Messestand-Messe.jpg\" alt=\"Promotionsst\u00e4nde auf einer Messe\" width=\"850\" height=\"567\" srcset=\"https:\/\/www.hermann-direkt.de\/magazin\/wp-content\/uploads\/2023\/07\/Messestand-Messe.jpg 850w, https:\/\/www.hermann-direkt.de\/magazin\/wp-content\/uploads\/2023\/07\/Messestand-Messe-300x200.jpg 300w, https:\/\/www.hermann-direkt.de\/magazin\/wp-content\/uploads\/2023\/07\/Messestand-Messe-768x512.jpg 768w\" sizes=\"(max-width: 850px) 100vw, 850px\" \/><figcaption id=\"caption-attachment-3293\" class=\"wp-caption-text\">\u00a9 Touchr &#8211; stock.adobe.com<\/figcaption><\/figure>\n<h2><span class=\"ez-toc-section\" id=\"Promotionstaende_%E2%80%93_Vielseitigkeit_ist_Trumpf\"><\/span>Promotionst\u00e4nde \u2013 Vielseitigkeit ist Trumpf<span class=\"ez-toc-section-end\"><\/span><\/h2>\n<p style=\"text-align: justify;\">Welche M\u00f6glichkeiten stecken eigentlich in einer Promotiontheke? Und wie kann man sie optimal nutzen? Messeauftritte und Events geh\u00f6ren als wichtige Werbema\u00dfnahme zum Gesch\u00e4ftsleben dazu. Machen Sie sich also bewusst, dass Sie nicht das einzige Unternehmen sind, das um die Aufmerksamkeit potenzieller Kunden und Gesch\u00e4ftspartner buhlt. Heben Sie sich daher gezielt von der Konkurrenz ab und zeigen Sie Mut zu einer auff\u00e4lligen Gestaltung. Das generiert Neugierde! Und genau das m\u00f6chten Sie doch erreichen? Mit einem eindrucksvollen Theken-Design legen Sie den Grundstein f\u00fcr interessante Gespr\u00e4che.<\/p>\n<h3><span class=\"ez-toc-section\" id=\"Funktion_bestimmt_das_Design\"><\/span>Funktion bestimmt das Design?<span class=\"ez-toc-section-end\"><\/span><\/h3>\n<p style=\"text-align: justify;\">Selbstverst\u00e4ndlich sollten Sie immer im Auge behalten, ob Sie eine Verkaufstheke, eine Empfangstheke oder eine Theke f\u00fcr Verk\u00f6stigungen ben\u00f6tigen. Der Zweck sollte aber niemals \u00fcber eine ansprechende Optik dominieren. Mit den vielseitigen mobilen Theken lassen sich Ihre Vorstellungen im Handumdrehen umsetzen.<\/p>\n<p><a href=\"https:\/\/www.hermann-direkt.de\/messetheke-silic-oval\"><img loading=\"lazy\" decoding=\"async\" class=\"aligncenter wp-image-3295 size-full\" title=\"Messetheke Silic Oval\" src=\"https:\/\/www.hermann-direkt.de\/magazin\/wp-content\/uploads\/2023\/07\/Theke-Silic-Oval_Ihr-Motiv.jpg\" alt=\"Messetheke Silic Oval\" width=\"800\" height=\"541\" srcset=\"https:\/\/www.hermann-direkt.de\/magazin\/wp-content\/uploads\/2023\/07\/Theke-Silic-Oval_Ihr-Motiv.jpg 800w, https:\/\/www.hermann-direkt.de\/magazin\/wp-content\/uploads\/2023\/07\/Theke-Silic-Oval_Ihr-Motiv-300x203.jpg 300w, https:\/\/www.hermann-direkt.de\/magazin\/wp-content\/uploads\/2023\/07\/Theke-Silic-Oval_Ihr-Motiv-768x519.jpg 768w, https:\/\/www.hermann-direkt.de\/magazin\/wp-content\/uploads\/2023\/07\/Theke-Silic-Oval_Ihr-Motiv-110x75.jpg 110w\" sizes=\"(max-width: 800px) 100vw, 800px\" \/><\/a><\/p>\n<h3><span class=\"ez-toc-section\" id=\"Auffallen_um_jeden_Preis\"><\/span>Auffallen um jeden Preis?<span class=\"ez-toc-section-end\"><\/span><\/h3>\n<p style=\"text-align: justify;\">Mobile Messetheken erlauben ein facettenreiches Erscheinungsbild. Eine Promotheke sollte stets ein ansprechender Blickfang sein, sich aber auch perfekt in Ihr Corporate Design einf\u00fcgen. Neben Ihrem Aufmerksamkeit erzielenden Logo sollten auch die Farbgebung und die gew\u00e4hlte Beschriftung der Messetheke mit Ihrer Firmenphilosophie harmonieren.<\/p>\n<h3><span class=\"ez-toc-section\" id=\"Aufsehenerregende_Promotiontheken_als_optisches_Highlight\"><\/span>Aufsehenerregende Promotiontheken als optisches Highlight<span class=\"ez-toc-section-end\"><\/span><\/h3>\n<p style=\"text-align: justify;\">Auf einer Messe d\u00fcrfen Sie weitaus mehr experimentieren als bei der Gestaltung Ihrer Gesch\u00e4ftsr\u00e4ume. Trauen Sie sich und verwenden Sie durchaus auch einmal leuchtende Farben. Machen Sie Ihre Theke zu einem hervorstechenden stilvollen Farbtupfer und vergessen Sie nicht, sie mit einer entsprechenden, strategisch gut platzierten Beleuchtung gekonnt in Szene zu setzen.<\/p>\n<p><a href=\"https:\/\/www.hermann-direkt.de\/crown-truss-messetheke-125-x-65-cm\"><img loading=\"lazy\" decoding=\"async\" class=\"aligncenter wp-image-3290\" title=\"Crown Truss Messetheke 125 x 65 cm - schwarz\" src=\"https:\/\/www.hermann-direkt.de\/magazin\/wp-content\/uploads\/2023\/07\/B1002102.jpg\" alt=\"Crown Truss Messetheke 125 x 65 cm - schwarz - Promotionst\u00e4nde\" width=\"572\" height=\"522\" srcset=\"https:\/\/www.hermann-direkt.de\/magazin\/wp-content\/uploads\/2023\/07\/B1002102.jpg 800w, https:\/\/www.hermann-direkt.de\/magazin\/wp-content\/uploads\/2023\/07\/B1002102-300x274.jpg 300w, https:\/\/www.hermann-direkt.de\/magazin\/wp-content\/uploads\/2023\/07\/B1002102-768x701.jpg 768w\" sizes=\"(max-width: 572px) 100vw, 572px\" \/><\/a><\/p>\n<h3><span class=\"ez-toc-section\" id=\"Innovatives_Design_trifft_auf_effektvolle_Hintergruende\"><\/span>Innovatives Design trifft auf effektvolle Hintergr\u00fcnde<span class=\"ez-toc-section-end\"><\/span><\/h3>\n<p style=\"text-align: justify;\">Je nachdem, wo Sie Ihre Promotionst\u00e4nde planen, sollten Sie einen ansprechenden Hintergrund ausw\u00e4hlen. Interaktive Elemente sind hier ebenso zielf\u00fchrend wie gro\u00dfformatige Fotos oder k\u00fcnstlerisch orientierte Grafiken. Eine gute Wirkung erzielen Sie mit allem, was die Inhalte Ihres Unternehmens optisch ansprechend transportiert. Vermeiden Sie allerdings eine Reiz\u00fcberflutung. Wie wir alle wissen \u2013 weniger kann manchmal mehr sein.<\/p>\n<h3><span class=\"ez-toc-section\" id=\"Mit_aussergewoehnlichen_Formen_die_Neugier_der_Besucher_wecken\"><\/span>Mit au\u00dfergew\u00f6hnlichen Formen die Neugier der Besucher wecken<span class=\"ez-toc-section-end\"><\/span><\/h3>\n<p style=\"text-align: justify;\">Gerade, gebogen oder doch lieber rund? Extravaganz steht manchen Unternehmen gut, andere sollten lieber auf puristische Linienf\u00fchrungen achten. Ein Laden f\u00fcr Naturkost m\u00f6chte in der Regel ein anderes Publikum erreichen als ein Autohaus. F\u00fcr den einen geht es um High-End-Technologie &#8211; f\u00fcr den anderen und eine R\u00fcckkehr zur Einfachheit. So unterschiedlich die Ausrichtung der Unternehmen, so vielseitig sind auch die Gestaltungsm\u00f6glichkeiten der Theke. Achten Sie daher darauf, dass Ihre Theke sich perfekt in Ihr Konzept einf\u00fcgt.<\/p>\n<figure id=\"attachment_3305\" aria-describedby=\"caption-attachment-3305\" style=\"width: 800px\" class=\"wp-caption aligncenter\"><img loading=\"lazy\" decoding=\"async\" class=\"wp-image-3305 size-full\" title=\"Durch das individuelle Design kann ein Promotionsstand kreiert werden, der zum verweilen einl\u00e4dt\" src=\"https:\/\/www.hermann-direkt.de\/magazin\/wp-content\/uploads\/2023\/07\/Prmotionsstand.jpg\" alt=\"Promotionsst\u00e4nde individuell kreieren - 3d Grafik eines Messestandes - Promotionst\u00e4nde\" width=\"800\" height=\"610\" srcset=\"https:\/\/www.hermann-direkt.de\/magazin\/wp-content\/uploads\/2023\/07\/Prmotionsstand.jpg 800w, https:\/\/www.hermann-direkt.de\/magazin\/wp-content\/uploads\/2023\/07\/Prmotionsstand-300x229.jpg 300w, https:\/\/www.hermann-direkt.de\/magazin\/wp-content\/uploads\/2023\/07\/Prmotionsstand-768x586.jpg 768w\" sizes=\"(max-width: 800px) 100vw, 800px\" \/><figcaption id=\"caption-attachment-3305\" class=\"wp-caption-text\">\u00a9 Maksim Kryuchkov &#8211; stock.adobe.com<\/figcaption><\/figure>\n<h3><span class=\"ez-toc-section\" id=\"Das_Highlight_Ihres_Promotion-Events\"><\/span>Das Highlight Ihres Promotion-Events<span class=\"ez-toc-section-end\"><\/span><\/h3>\n<p style=\"text-align: justify;\">Der zentrale Punkt auf Messest\u00e4nden ist und bleibt die Theke. Mit zus\u00e4tzlichen im Thekenbereich platzierten Roll-up Displays und Werbebannern generieren Sie noch mehr Aufmerksamkeit! Kreative Designs und eindrucksvolle Farben machen aus Ihrem Promo-Event einen Werbeauftritt, \u00fcber den man gerne spricht. Wenn Sie Promotionst\u00e4nde kaufen, sollten Sie daher unbedingt auch an sinnvolle Erg\u00e4nzungen denken, die mit einer individuellen Bedruckung versehen einen hochwertigen und langanhaltenden Eindruck hinterlassen.<\/p>\n","protected":false},"excerpt":{"rendered":"<p>\u00ab Erfolgreich mit individuellen Messecountern \u00bb Promotionst\u00e4nde punkten durch ihren vielf\u00e4ltigen Einsatzm\u00f6glichkeiten. Ob auf Events, Messen oder auch als zus\u00e4tzlicher Verkaufsstand \u2013 die praktische Promotheke nimmt nicht viel Raum ein und ist mit wenigen Handgriffen auf- und abgebaut. Wer auf Qualit\u00e4t und ansprechendes Design achtet, wird belohnt. Die optische Performance einer Messetheke spiegelt die Kompetenz &hellip;<\/p>\n","protected":false},"author":1,"featured_media":3277,"comment_status":"closed","ping_status":"open","sticky":false,"template":"","format":"standard","meta":{"footnotes":""},"categories":[3],"tags":[559,558,554,551,557,552,530,480,555,556,553],"class_list":["post-3275","post","type-post","status-publish","format-standard","has-post-thumbnail","","category-werbung","tag-effektvll","tag-einladend","tag-individuelle-bedruckung","tag-individuelle-promotionstaende-kaufen","tag-innovatives-design","tag-mesestand","tag-messebau","tag-messetheke","tag-praesentation","tag-promo-aktion","tag-promotionstheke"],"yoast_head":"<!-- This site is optimized with the Yoast SEO plugin v23.2 - https:\/\/yoast.com\/wordpress\/plugins\/seo\/ -->\n<title>Individuelle Promotionst\u00e4nde kaufen - HERMANN Fachversand<\/title>\n<meta name=\"description\" content=\"Wie k\u00f6nnen individuelle Promotionsst\u00e4nde die Aufmerksamkeit auf Events und Messen auf sich ziehen? \u2714 Das Hermann-Direkt Magazin mit Tipps.\" \/>\n<meta name=\"robots\" content=\"index, follow, max-snippet:-1, max-image-preview:large, max-video-preview:-1\" \/>\n<link rel=\"canonical\" href=\"https:\/\/www.hermann-direkt.de\/magazin\/individuelle-promotionstaende-kaufen\/\" \/>\n<meta property=\"og:locale\" content=\"de_DE\" \/>\n<meta property=\"og:type\" content=\"article\" \/>\n<meta property=\"og:title\" content=\"Individuelle Promotionst\u00e4nde kaufen - HERMANN Fachversand\" \/>\n<meta property=\"og:description\" content=\"Wie k\u00f6nnen individuelle Promotionsst\u00e4nde die Aufmerksamkeit auf Events und Messen auf sich ziehen? \u2714 Das Hermann-Direkt Magazin mit Tipps.\" \/>\n<meta property=\"og:url\" content=\"https:\/\/www.hermann-direkt.de\/magazin\/individuelle-promotionstaende-kaufen\/\" \/>\n<meta property=\"og:site_name\" content=\"HERMANN Fachversand\" \/>\n<meta property=\"article:published_time\" content=\"2021-07-06T06:45:42+00:00\" \/>\n<meta property=\"article:modified_time\" content=\"2021-07-06T07:46:27+00:00\" \/>\n<meta property=\"og:image\" content=\"https:\/\/www.hermann-direkt.de\/magazin\/wp-content\/uploads\/2023\/07\/Messestand-Projektion.jpg\" \/>\n\t<meta property=\"og:image:width\" content=\"900\" \/>\n\t<meta property=\"og:image:height\" content=\"540\" \/>\n\t<meta property=\"og:image:type\" content=\"image\/jpeg\" \/>\n<meta name=\"author\" content=\"arboro\" \/>\n<meta name=\"twitter:card\" content=\"summary_large_image\" \/>\n<meta name=\"twitter:label1\" content=\"Verfasst von\" \/>\n\t<meta name=\"twitter:data1\" content=\"arboro\" \/>\n\t<meta name=\"twitter:label2\" content=\"Gesch\u00e4tzte Lesezeit\" \/>\n\t<meta name=\"twitter:data2\" content=\"7\u00a0Minuten\" \/>\n<script type=\"application\/ld+json\" class=\"yoast-schema-graph\">{\"@context\":\"https:\/\/schema.org\",\"@graph\":[{\"@type\":\"WebPage\",\"@id\":\"https:\/\/www.hermann-direkt.de\/magazin\/individuelle-promotionstaende-kaufen\/\",\"url\":\"https:\/\/www.hermann-direkt.de\/magazin\/individuelle-promotionstaende-kaufen\/\",\"name\":\"Individuelle Promotionst\u00e4nde kaufen - HERMANN Fachversand\",\"isPartOf\":{\"@id\":\"https:\/\/www.hermann-direkt.de\/magazin\/#website\"},\"primaryImageOfPage\":{\"@id\":\"https:\/\/www.hermann-direkt.de\/magazin\/individuelle-promotionstaende-kaufen\/#primaryimage\"},\"image\":{\"@id\":\"https:\/\/www.hermann-direkt.de\/magazin\/individuelle-promotionstaende-kaufen\/#primaryimage\"},\"thumbnailUrl\":\"https:\/\/www.hermann-direkt.de\/magazin\/wp-content\/uploads\/2023\/07\/Messestand-Projektion.jpg\",\"datePublished\":\"2021-07-06T06:45:42+00:00\",\"dateModified\":\"2021-07-06T07:46:27+00:00\",\"author\":{\"@id\":\"https:\/\/www.hermann-direkt.de\/magazin\/#\/schema\/person\/d6d6de3468686f9fc5e5152f403cd1ef\"},\"description\":\"Wie k\u00f6nnen individuelle Promotionsst\u00e4nde die Aufmerksamkeit auf Events und Messen auf sich ziehen? \u2714 Das Hermann-Direkt Magazin mit Tipps.\",\"breadcrumb\":{\"@id\":\"https:\/\/www.hermann-direkt.de\/magazin\/individuelle-promotionstaende-kaufen\/#breadcrumb\"},\"inLanguage\":\"de\",\"potentialAction\":[{\"@type\":\"ReadAction\",\"target\":[\"https:\/\/www.hermann-direkt.de\/magazin\/individuelle-promotionstaende-kaufen\/\"]}]},{\"@type\":\"ImageObject\",\"inLanguage\":\"de\",\"@id\":\"https:\/\/www.hermann-direkt.de\/magazin\/individuelle-promotionstaende-kaufen\/#primaryimage\",\"url\":\"https:\/\/www.hermann-direkt.de\/magazin\/wp-content\/uploads\/2023\/07\/Messestand-Projektion.jpg\",\"contentUrl\":\"https:\/\/www.hermann-direkt.de\/magazin\/wp-content\/uploads\/2023\/07\/Messestand-Projektion.jpg\",\"width\":900,\"height\":540,\"caption\":\"\u00a9 vegefox.com - stock.adobe.com\"},{\"@type\":\"BreadcrumbList\",\"@id\":\"https:\/\/www.hermann-direkt.de\/magazin\/individuelle-promotionstaende-kaufen\/#breadcrumb\",\"itemListElement\":[{\"@type\":\"ListItem\",\"position\":1,\"name\":\"Startseite\",\"item\":\"https:\/\/www.hermann-direkt.de\/magazin\/\"},{\"@type\":\"ListItem\",\"position\":2,\"name\":\"Individuelle Promotionst\u00e4nde kaufen\"}]},{\"@type\":\"WebSite\",\"@id\":\"https:\/\/www.hermann-direkt.de\/magazin\/#website\",\"url\":\"https:\/\/www.hermann-direkt.de\/magazin\/\",\"name\":\"HERMANN Fachversand\",\"description\":\"\",\"potentialAction\":[{\"@type\":\"SearchAction\",\"target\":{\"@type\":\"EntryPoint\",\"urlTemplate\":\"https:\/\/www.hermann-direkt.de\/magazin\/?s={search_term_string}\"},\"query-input\":\"required name=search_term_string\"}],\"inLanguage\":\"de\"},{\"@type\":\"Person\",\"@id\":\"https:\/\/www.hermann-direkt.de\/magazin\/#\/schema\/person\/d6d6de3468686f9fc5e5152f403cd1ef\",\"name\":\"arboro\",\"image\":{\"@type\":\"ImageObject\",\"inLanguage\":\"de\",\"@id\":\"https:\/\/www.hermann-direkt.de\/magazin\/#\/schema\/person\/image\/\",\"url\":\"https:\/\/secure.gravatar.com\/avatar\/a794a4fe8a9b9c52241597eb381dfa2e?s=96&d=mm&r=g\",\"contentUrl\":\"https:\/\/secure.gravatar.com\/avatar\/a794a4fe8a9b9c52241597eb381dfa2e?s=96&d=mm&r=g\",\"caption\":\"arboro\"}}]}<\/script>\n<!-- \/ Yoast SEO plugin. -->","yoast_head_json":{"title":"Individuelle Promotionst\u00e4nde kaufen - HERMANN Fachversand","description":"Wie k\u00f6nnen individuelle Promotionsst\u00e4nde die Aufmerksamkeit auf Events und Messen auf sich ziehen? \u2714 Das Hermann-Direkt Magazin mit Tipps.","robots":{"index":"index","follow":"follow","max-snippet":"max-snippet:-1","max-image-preview":"max-image-preview:large","max-video-preview":"max-video-preview:-1"},"canonical":"https:\/\/www.hermann-direkt.de\/magazin\/individuelle-promotionstaende-kaufen\/","og_locale":"de_DE","og_type":"article","og_title":"Individuelle Promotionst\u00e4nde kaufen - HERMANN Fachversand","og_description":"Wie k\u00f6nnen individuelle Promotionsst\u00e4nde die Aufmerksamkeit auf Events und Messen auf sich ziehen? \u2714 Das Hermann-Direkt Magazin mit Tipps.","og_url":"https:\/\/www.hermann-direkt.de\/magazin\/individuelle-promotionstaende-kaufen\/","og_site_name":"HERMANN Fachversand","article_published_time":"2021-07-06T06:45:42+00:00","article_modified_time":"2021-07-06T07:46:27+00:00","og_image":[{"width":900,"height":540,"url":"https:\/\/www.hermann-direkt.de\/magazin\/wp-content\/uploads\/2023\/07\/Messestand-Projektion.jpg","type":"image\/jpeg"}],"author":"arboro","twitter_card":"summary_large_image","twitter_misc":{"Verfasst von":"arboro","Gesch\u00e4tzte Lesezeit":"7\u00a0Minuten"},"schema":{"@context":"https:\/\/schema.org","@graph":[{"@type":"WebPage","@id":"https:\/\/www.hermann-direkt.de\/magazin\/individuelle-promotionstaende-kaufen\/","url":"https:\/\/www.hermann-direkt.de\/magazin\/individuelle-promotionstaende-kaufen\/","name":"Individuelle Promotionst\u00e4nde kaufen - HERMANN Fachversand","isPartOf":{"@id":"https:\/\/www.hermann-direkt.de\/magazin\/#website"},"primaryImageOfPage":{"@id":"https:\/\/www.hermann-direkt.de\/magazin\/individuelle-promotionstaende-kaufen\/#primaryimage"},"image":{"@id":"https:\/\/www.hermann-direkt.de\/magazin\/individuelle-promotionstaende-kaufen\/#primaryimage"},"thumbnailUrl":"https:\/\/www.hermann-direkt.de\/magazin\/wp-content\/uploads\/2023\/07\/Messestand-Projektion.jpg","datePublished":"2021-07-06T06:45:42+00:00","dateModified":"2021-07-06T07:46:27+00:00","author":{"@id":"https:\/\/www.hermann-direkt.de\/magazin\/#\/schema\/person\/d6d6de3468686f9fc5e5152f403cd1ef"},"description":"Wie k\u00f6nnen individuelle Promotionsst\u00e4nde die Aufmerksamkeit auf Events und Messen auf sich ziehen? \u2714 Das Hermann-Direkt Magazin mit Tipps.","breadcrumb":{"@id":"https:\/\/www.hermann-direkt.de\/magazin\/individuelle-promotionstaende-kaufen\/#breadcrumb"},"inLanguage":"de","potentialAction":[{"@type":"ReadAction","target":["https:\/\/www.hermann-direkt.de\/magazin\/individuelle-promotionstaende-kaufen\/"]}]},{"@type":"ImageObject","inLanguage":"de","@id":"https:\/\/www.hermann-direkt.de\/magazin\/individuelle-promotionstaende-kaufen\/#primaryimage","url":"https:\/\/www.hermann-direkt.de\/magazin\/wp-content\/uploads\/2023\/07\/Messestand-Projektion.jpg","contentUrl":"https:\/\/www.hermann-direkt.de\/magazin\/wp-content\/uploads\/2023\/07\/Messestand-Projektion.jpg","width":900,"height":540,"caption":"\u00a9 vegefox.com - stock.adobe.com"},{"@type":"BreadcrumbList","@id":"https:\/\/www.hermann-direkt.de\/magazin\/individuelle-promotionstaende-kaufen\/#breadcrumb","itemListElement":[{"@type":"ListItem","position":1,"name":"Startseite","item":"https:\/\/www.hermann-direkt.de\/magazin\/"},{"@type":"ListItem","position":2,"name":"Individuelle Promotionst\u00e4nde kaufen"}]},{"@type":"WebSite","@id":"https:\/\/www.hermann-direkt.de\/magazin\/#website","url":"https:\/\/www.hermann-direkt.de\/magazin\/","name":"HERMANN Fachversand","description":"","potentialAction":[{"@type":"SearchAction","target":{"@type":"EntryPoint","urlTemplate":"https:\/\/www.hermann-direkt.de\/magazin\/?s={search_term_string}"},"query-input":"required name=search_term_string"}],"inLanguage":"de"},{"@type":"Person","@id":"https:\/\/www.hermann-direkt.de\/magazin\/#\/schema\/person\/d6d6de3468686f9fc5e5152f403cd1ef","name":"arboro","image":{"@type":"ImageObject","inLanguage":"de","@id":"https:\/\/www.hermann-direkt.de\/magazin\/#\/schema\/person\/image\/","url":"https:\/\/secure.gravatar.com\/avatar\/a794a4fe8a9b9c52241597eb381dfa2e?s=96&d=mm&r=g","contentUrl":"https:\/\/secure.gravatar.com\/avatar\/a794a4fe8a9b9c52241597eb381dfa2e?s=96&d=mm&r=g","caption":"arboro"}}]}},"_links":{"self":[{"href":"https:\/\/www.hermann-direkt.de\/magazin\/wp-json\/wp\/v2\/posts\/3275"}],"collection":[{"href":"https:\/\/www.hermann-direkt.de\/magazin\/wp-json\/wp\/v2\/posts"}],"about":[{"href":"https:\/\/www.hermann-direkt.de\/magazin\/wp-json\/wp\/v2\/types\/post"}],"author":[{"embeddable":true,"href":"https:\/\/www.hermann-direkt.de\/magazin\/wp-json\/wp\/v2\/users\/1"}],"replies":[{"embeddable":true,"href":"https:\/\/www.hermann-direkt.de\/magazin\/wp-json\/wp\/v2\/comments?post=3275"}],"version-history":[{"count":30,"href":"https:\/\/www.hermann-direkt.de\/magazin\/wp-json\/wp\/v2\/posts\/3275\/revisions"}],"predecessor-version":[{"id":3317,"href":"https:\/\/www.hermann-direkt.de\/magazin\/wp-json\/wp\/v2\/posts\/3275\/revisions\/3317"}],"wp:featuredmedia":[{"embeddable":true,"href":"https:\/\/www.hermann-direkt.de\/magazin\/wp-json\/wp\/v2\/media\/3277"}],"wp:attachment":[{"href":"https:\/\/www.hermann-direkt.de\/magazin\/wp-json\/wp\/v2\/media?parent=3275"}],"wp:term":[{"taxonomy":"category","embeddable":true,"href":"https:\/\/www.hermann-direkt.de\/magazin\/wp-json\/wp\/v2\/categories?post=3275"},{"taxonomy":"post_tag","embeddable":true,"href":"https:\/\/www.hermann-direkt.de\/magazin\/wp-json\/wp\/v2\/tags?post=3275"}],"curies":[{"name":"wp","href":"https:\/\/api.w.org\/{rel}","templated":true}]}}