{"id":2872,"date":"2021-03-17T11:20:05","date_gmt":"2021-03-17T10:20:05","guid":{"rendered":"https:\/\/www.hermann-direkt.de\/magazin\/?p=2872"},"modified":"2026-03-19T13:27:23","modified_gmt":"2026-03-19T12:27:23","slug":"messebau-einfach-gemacht","status":"publish","type":"post","link":"https:\/\/www.hermann-direkt.de\/magazin\/messebau-einfach-gemacht\/","title":{"rendered":"Messebau einfach gemacht"},"content":{"rendered":"<div id=\"ez-toc-container\" class=\"ez-toc-v2_0_68_1 ez-toc-wrap-center counter-hierarchy ez-toc-counter ez-toc-grey ez-toc-container-direction\">\n<div class=\"ez-toc-title-container\">\n<p class=\"ez-toc-title \" >Inhaltsverzeichnis<\/p>\n<span class=\"ez-toc-title-toggle\"><a href=\"#\" class=\"ez-toc-pull-right ez-toc-btn ez-toc-btn-xs ez-toc-btn-default ez-toc-toggle\" aria-label=\"Toggle Table of Content\"><span class=\"ez-toc-js-icon-con\"><span class=\"\"><span class=\"eztoc-hide\" style=\"display:none;\">Toggle<\/span><span class=\"ez-toc-icon-toggle-span\"><svg style=\"fill: #999;color:#999\" xmlns=\"http:\/\/www.w3.org\/2000\/svg\" class=\"list-377408\" width=\"20px\" height=\"20px\" viewBox=\"0 0 24 24\" fill=\"none\"><path d=\"M6 6H4v2h2V6zm14 0H8v2h12V6zM4 11h2v2H4v-2zm16 0H8v2h12v-2zM4 16h2v2H4v-2zm16 0H8v2h12v-2z\" fill=\"currentColor\"><\/path><\/svg><svg style=\"fill: #999;color:#999\" class=\"arrow-unsorted-368013\" xmlns=\"http:\/\/www.w3.org\/2000\/svg\" width=\"10px\" height=\"10px\" viewBox=\"0 0 24 24\" version=\"1.2\" baseProfile=\"tiny\"><path d=\"M18.2 9.3l-6.2-6.3-6.2 6.3c-.2.2-.3.4-.3.7s.1.5.3.7c.2.2.4.3.7.3h11c.3 0 .5-.1.7-.3.2-.2.3-.5.3-.7s-.1-.5-.3-.7zM5.8 14.7l6.2 6.3 6.2-6.3c.2-.2.3-.5.3-.7s-.1-.5-.3-.7c-.2-.2-.4-.3-.7-.3h-11c-.3 0-.5.1-.7.3-.2.2-.3.5-.3.7s.1.5.3.7z\"\/><\/svg><\/span><\/span><\/span><\/a><\/span><\/div>\n<nav><ul class='ez-toc-list ez-toc-list-level-1 ' ><li class='ez-toc-page-1 ez-toc-heading-level-2'><a class=\"ez-toc-link ez-toc-heading-1\" href=\"https:\/\/www.hermann-direkt.de\/magazin\/messebau-einfach-gemacht\/#%C2%AB_Komponenten_zusammenstellen_und_individuell_bedrucken_lassen_%C2%BB\" title=\"\u00ab Komponenten zusammenstellen und individuell bedrucken lassen \u00bb\">\u00ab Komponenten zusammenstellen und individuell bedrucken lassen \u00bb<\/a><\/li><li class='ez-toc-page-1 ez-toc-heading-level-2'><a class=\"ez-toc-link ez-toc-heading-2\" href=\"https:\/\/www.hermann-direkt.de\/magazin\/messebau-einfach-gemacht\/#Messebau_als_Herausforderung_%E2%80%93_worauf_kommt_es_an\" title=\"Messebau als Herausforderung \u2013 worauf kommt es an?\">Messebau als Herausforderung \u2013 worauf kommt es an?<\/a><\/li><li class='ez-toc-page-1 ez-toc-heading-level-2'><a class=\"ez-toc-link ez-toc-heading-3\" href=\"https:\/\/www.hermann-direkt.de\/magazin\/messebau-einfach-gemacht\/#Messesystem_%E2%80%93_mobil_flexibel_und_modular\" title=\"Messesystem &#8211; mobil, flexibel und modular\">Messesystem &#8211; mobil, flexibel und modular<\/a><\/li><li class='ez-toc-page-1 ez-toc-heading-level-2'><a class=\"ez-toc-link ez-toc-heading-4\" href=\"https:\/\/www.hermann-direkt.de\/magazin\/messebau-einfach-gemacht\/#Messebau_%E2%80%93_Bauteile_individuell_bedrucken\" title=\"Messebau \u2013 Bauteile individuell bedrucken\">Messebau \u2013 Bauteile individuell bedrucken<\/a><\/li><li class='ez-toc-page-1 ez-toc-heading-level-2'><a class=\"ez-toc-link ez-toc-heading-5\" href=\"https:\/\/www.hermann-direkt.de\/magazin\/messebau-einfach-gemacht\/#Der_Messestand_%E2%80%93_Messetheke_Messewaende_und_Co\" title=\"Der Messestand \u2013 Messetheke, Messew\u00e4nde und Co.\">Der Messestand \u2013 Messetheke, Messew\u00e4nde und Co.<\/a><ul class='ez-toc-list-level-3' ><li class='ez-toc-heading-level-3'><a class=\"ez-toc-link ez-toc-heading-6\" href=\"https:\/\/www.hermann-direkt.de\/magazin\/messebau-einfach-gemacht\/#Der_Messecounter\" title=\"Der Messecounter\">Der Messecounter<\/a><\/li><li class='ez-toc-page-1 ez-toc-heading-level-3'><a class=\"ez-toc-link ez-toc-heading-7\" href=\"https:\/\/www.hermann-direkt.de\/magazin\/messebau-einfach-gemacht\/#Die_Messewaende\" title=\"Die Messew\u00e4nde\">Die Messew\u00e4nde<\/a><\/li><li class='ez-toc-page-1 ez-toc-heading-level-3'><a class=\"ez-toc-link ez-toc-heading-8\" href=\"https:\/\/www.hermann-direkt.de\/magazin\/messebau-einfach-gemacht\/#Das_Messedisplay\" title=\"Das Messedisplay\">Das Messedisplay<\/a><\/li><li class='ez-toc-page-1 ez-toc-heading-level-3'><a class=\"ez-toc-link ez-toc-heading-9\" href=\"https:\/\/www.hermann-direkt.de\/magazin\/messebau-einfach-gemacht\/#Roll-Up-Displays_und_Banner\" title=\"Roll-Up-Displays und Banner\">Roll-Up-Displays und Banner<\/a><\/li><li class='ez-toc-page-1 ez-toc-heading-level-3'><a class=\"ez-toc-link ez-toc-heading-10\" href=\"https:\/\/www.hermann-direkt.de\/magazin\/messebau-einfach-gemacht\/#Beachflags\" title=\"Beachflags\">Beachflags<\/a><\/li><\/ul><\/li><li class='ez-toc-page-1 ez-toc-heading-level-2'><a class=\"ez-toc-link ez-toc-heading-11\" href=\"https:\/\/www.hermann-direkt.de\/magazin\/messebau-einfach-gemacht\/#Extras_an_der_Messetheke_%E2%80%93_Give-aways_und_Werbegeschenke\" title=\"Extras an der Messetheke \u2013 Give-aways und Werbegeschenke\">Extras an der Messetheke \u2013 Give-aways und Werbegeschenke<\/a><\/li><li class='ez-toc-page-1 ez-toc-heading-level-2'><a class=\"ez-toc-link ez-toc-heading-12\" href=\"https:\/\/www.hermann-direkt.de\/magazin\/messebau-einfach-gemacht\/#Fazit_%E2%80%93_Bauteile_und_Werbemittel_im_Messebau_individuell_bedrucken\" title=\"Fazit \u2013 Bauteile und Werbemittel im Messebau individuell bedrucken\">Fazit \u2013 Bauteile und Werbemittel im Messebau individuell bedrucken<\/a><\/li><\/ul><\/nav><\/div>\n<h2><span class=\"ez-toc-section\" id=\"%C2%AB_Komponenten_zusammenstellen_und_individuell_bedrucken_lassen_%C2%BB\"><\/span>\u00ab Komponenten zusammenstellen und individuell bedrucken lassen \u00bb<span class=\"ez-toc-section-end\"><\/span><\/h2>\n<p style=\"text-align: justify;\"><strong>Mit dem Fr\u00fchjahr kommt die Zeit der Ausstellungen, der Produktneuheiten und ganz allgemein des Umschauens und Kaufens. Eine Messe ist daher f\u00fcr unz\u00e4hlige Unternehmen das Mittel der Wahl, sich selbst und die Produkte sowie Dienstleistungen einem interessierten Publikum professionell zu pr\u00e4sentieren. Allerdings stellt der Messebau, also alles rund um <\/strong><a href=\"https:\/\/www.hermann-direkt.de\/werbetechnik\/messestand\"><strong>Planung und Errichtung des Messestandes<\/strong><\/a><strong>, gelegentliche Messeaussteller vor viele organisatorische Herausforderungen. Gl\u00fccklicherweise bietet sich heute eine besonders einfache M\u00f6glichkeit der individuellen Ausdrucksform, da sich nahezu alle Bauteile des Stands individuell bedrucken lassen.<\/strong><\/p>\n<h2><span class=\"ez-toc-section\" id=\"Messebau_als_Herausforderung_%E2%80%93_worauf_kommt_es_an\"><\/span>Messebau als Herausforderung \u2013 worauf kommt es an?<span class=\"ez-toc-section-end\"><\/span><\/h2>\n<p style=\"text-align: justify;\">Zweifelsohne muss ein Messestand in erster Linie beeindrucken und das angebotene Leistungsportfolie gekonnt inszenieren. Kunden sollen aktiv an Ihren Stand gelockt und dort gebunden werden. Allerdings kommt es im Messebau noch auf ganz andere Qualit\u00e4ten an: Ein Messestand wird \u00fcblicherweise immer wieder auf- und abgebaut und von Ausstellung zu Ausstellung bewegt, eingelagert, ausgelagert und so fort. Daher muss er einfach zu montieren, zu transportieren und auch zu lagern sein. Wichtig ist dabei eine leichte aber robuste Konstruktion, die sich \u00fcber die funktionalen Aspekte hinaus auch auf die Abbildungen, die Ausstattung und nicht zuletzt auf die enthaltenen Werbebotschaften bezieht. Denn wer geht schon gerne zu einem Messestand, dessen Firmenlogo zerkratzt oder anderweitig gesch\u00e4digt ist?<\/p>\n<figure id=\"attachment_2874\" aria-describedby=\"caption-attachment-2874\" style=\"width: 900px\" class=\"wp-caption aligncenter\"><img loading=\"lazy\" decoding=\"async\" class=\"wp-image-2874 size-full\" title=\"Es gibt diverse Messebauprodukte, die sich individuell gestalten lassen\" src=\"https:\/\/www.hermann-direkt.de\/magazin\/wp-content\/uploads\/2023\/03\/Messebau-Konzeption.jpg\" alt=\"Symbolbild, Mann organisiert Messestand - Messebau einfach gemacht\" width=\"900\" height=\"486\" srcset=\"https:\/\/www.hermann-direkt.de\/magazin\/wp-content\/uploads\/2023\/03\/Messebau-Konzeption.jpg 900w, https:\/\/www.hermann-direkt.de\/magazin\/wp-content\/uploads\/2023\/03\/Messebau-Konzeption-300x162.jpg 300w, https:\/\/www.hermann-direkt.de\/magazin\/wp-content\/uploads\/2023\/03\/Messebau-Konzeption-768x415.jpg 768w\" sizes=\"(max-width: 900px) 100vw, 900px\" \/><figcaption id=\"caption-attachment-2874\" class=\"wp-caption-text\">\u00a9 vegefox.com &#8211; stock.adobe.com<\/figcaption><\/figure>\n<h2><span class=\"ez-toc-section\" id=\"Messesystem_%E2%80%93_mobil_flexibel_und_modular\"><\/span>Messesystem &#8211; mobil, flexibel und modular<span class=\"ez-toc-section-end\"><\/span><\/h2>\n<p style=\"text-align: justify;\">Der Trend im Messebau geht zu den sogenannten <a href=\"https:\/\/www.hermann-direkt.de\/werbetechnik\/messestand\/messesystem\">Messesystemen<\/a>. Besonders praktisch sind aufeinander aufbauende, komplement\u00e4re Systeme wie das von Crown Truss. So passt beispielsweise die Messewand perfekt zur Messetheke und sowohl der Aufbau bzw. Abbau als auch der Transport des Gesamtsystems sind ohne spezielle Anforderungen realisierbar.<br \/>\n<img loading=\"lazy\" decoding=\"async\" class=\"aligncenter wp-image-2922\" src=\"https:\/\/www.hermann-direkt.de\/magazin\/wp-content\/uploads\/2021\/03\/Crown-Truss-3er-Wand-424-x-246-cm-schwarz.jpg\" alt=\"\" width=\"719\" height=\"545\" srcset=\"https:\/\/www.hermann-direkt.de\/magazin\/wp-content\/uploads\/2021\/03\/Crown-Truss-3er-Wand-424-x-246-cm-schwarz.jpg 800w, https:\/\/www.hermann-direkt.de\/magazin\/wp-content\/uploads\/2021\/03\/Crown-Truss-3er-Wand-424-x-246-cm-schwarz-300x227.jpg 300w, https:\/\/www.hermann-direkt.de\/magazin\/wp-content\/uploads\/2021\/03\/Crown-Truss-3er-Wand-424-x-246-cm-schwarz-768x582.jpg 768w\" sizes=\"(max-width: 719px) 100vw, 719px\" \/><\/p>\n<p style=\"text-align: justify;\">Durch die vielen individuell gestaltbaren Komponenten und Zubeh\u00f6rteile, wie Prospekthalter oder LED-Strahler, wird eine harmonische und homogene Messeplattform aufgebaut, welche sowohl die Corporate Identity als auch die vorgestellten Produkte voll zur Geltung bringt.<br \/>\n<a href=\"https:\/\/www.hermann-direkt.de\/detail\/index\/sArticle\/1942#f023fdf13e327d137a721e5836ba4c85\"><img loading=\"lazy\" decoding=\"async\" class=\"alignnone wp-image-2923\" title=\"Crown Truss Messetheke 125 x 65 cm - schwarz\" src=\"https:\/\/www.hermann-direkt.de\/magazin\/wp-content\/uploads\/2021\/03\/B1002102.jpg\" alt=\"Crown Truss Messetheke 125 x 65 cm - schwarz\" width=\"502\" height=\"450\" srcset=\"https:\/\/www.hermann-direkt.de\/magazin\/wp-content\/uploads\/2021\/03\/B1002102.jpg 600w, https:\/\/www.hermann-direkt.de\/magazin\/wp-content\/uploads\/2021\/03\/B1002102-300x270.jpg 300w\" sizes=\"(max-width: 502px) 100vw, 502px\" \/><\/a> <a href=\"https:\/\/www.hermann-direkt.de\/led-strahler-crown\"><img loading=\"lazy\" decoding=\"async\" class=\"alignnone wp-image-2924\" title=\"LED-Strahler, CROWN - schwarz\" src=\"https:\/\/www.hermann-direkt.de\/magazin\/wp-content\/uploads\/2021\/03\/Spot-schwarz-CROWN_B1002325-1.jpg\" alt=\"LED-Strahler, CROWN - schwarz\" width=\"271\" height=\"373\" srcset=\"https:\/\/www.hermann-direkt.de\/magazin\/wp-content\/uploads\/2021\/03\/Spot-schwarz-CROWN_B1002325-1.jpg 400w, https:\/\/www.hermann-direkt.de\/magazin\/wp-content\/uploads\/2021\/03\/Spot-schwarz-CROWN_B1002325-1-219x300.jpg 219w\" sizes=\"(max-width: 271px) 100vw, 271px\" \/><\/a><\/p>\n<h2><span class=\"ez-toc-section\" id=\"Messebau_%E2%80%93_Bauteile_individuell_bedrucken\"><\/span>Messebau \u2013 Bauteile individuell bedrucken<span class=\"ez-toc-section-end\"><\/span><\/h2>\n<p style=\"text-align: justify;\">Gerade dieser letzte Aspekt einer aussagekr\u00e4ftigen, individuellen und gleichzeitig dauerhaften Gestaltung ist im Messebau gar nicht so einfach umzusetzen. Allerdings bieten vergleichsweise neue Techniken ganz neue Ans\u00e4tze, die sowohl die Individualisierung als auch die Dauerhaftigkeit bzw. auch die Chance, Schadstellen einfach auszubessern, enorm nach vorne bringen: Heute lassen sich unterschiedlichste Materialien rund um Ihre Messepr\u00e4senz individuell bedrucken \u2013 und das ohne extrem aufw\u00e4ndige, teure Verfahren. So setzen Sie Ihre Vorstellungen rasch in die Tat um und k\u00f6nnen selbst Ver\u00e4nderungen einfach und preiswert realisieren.<\/p>\n<h2><span class=\"ez-toc-section\" id=\"Der_Messestand_%E2%80%93_Messetheke_Messewaende_und_Co\"><\/span>Der Messestand \u2013 Messetheke, Messew\u00e4nde und Co.<span class=\"ez-toc-section-end\"><\/span><\/h2>\n<p style=\"text-align: justify;\">Obwohl jeder Stand individuell ist, sind einige Kernelemente im Messebau als Standard etabliert. Sie kommen bei nahezu allen St\u00e4nden immer wieder in der einen oder anderen Form vor und pr\u00e4gen einerseits das Messegeschehen, werden aber auch andererseits von den Abl\u00e4ufen eines Messebetriebs wesentlich mit definiert:<\/p>\n<h3><span class=\"ez-toc-section\" id=\"Der_Messecounter\"><\/span>Der Messecounter<span class=\"ez-toc-section-end\"><\/span><\/h3>\n<p style=\"text-align: justify;\">Beim Messebau ganz eindeutig im Mittelpunkt steht der <a href=\"https:\/\/www.hermann-direkt.de\/werbetechnik\/messestand\/messetheke\">Messecounter<\/a>. Hier treffen Ihre Mitarbeiter und Sie auf die Kunden und f\u00fchren vom zwanglosen Erstgespr\u00e4ch bis zu intensiven Beratung verschiedenste Gespr\u00e4che. Gleichzeitig bildet der Counter die Ausstellungsfl\u00e4che f\u00fcr Flyer, Prospekte und <a href=\"https:\/\/www.hermann-direkt.de\/werbeartikel\">Werbegeschenke<\/a>. Er bildet somit \u2013 obwohl nicht immer r\u00e4umlich im Mittelpunkt Ihres Messeauftritts, den Dreh- und Angelpunkt all Ihrer Messeaktivit\u00e4ten. Es liegt also nahe, auch ihn individuell bedrucken zu lassen, um gerade die zentrale Funktion mit ihrer hohen Besucherfrequenz f\u00fcr Ihre Werbebotschaft zu nutzen.<\/p>\n<p><a href=\"https:\/\/www.hermann-direkt.de\/messetheke-silic-rechteck\"><img loading=\"lazy\" decoding=\"async\" class=\"alignnone wp-image-2882\" title=\"Messetheke Silic Rechteck\" src=\"https:\/\/www.hermann-direkt.de\/magazin\/wp-content\/uploads\/2023\/03\/Silic-Rectangle-Theke_Ihr-Motiv-1.jpg\" alt=\"Messetheke Silic Rechteck - Messebau einfach gemacht\" width=\"295\" height=\"380\" srcset=\"https:\/\/www.hermann-direkt.de\/magazin\/wp-content\/uploads\/2023\/03\/Silic-Rectangle-Theke_Ihr-Motiv-1.jpg 400w, https:\/\/www.hermann-direkt.de\/magazin\/wp-content\/uploads\/2023\/03\/Silic-Rectangle-Theke_Ihr-Motiv-1-233x300.jpg 233w\" sizes=\"(max-width: 295px) 100vw, 295px\" \/><\/a>\u00a0 \u00a0 \u00a0 \u00a0 \u00a0 \u00a0 \u00a0<a href=\"https:\/\/www.hermann-direkt.de\/messetheke-silic-oval\"><img loading=\"lazy\" decoding=\"async\" class=\"alignnone wp-image-2884\" title=\"Messetheke Silic Oval\" src=\"https:\/\/www.hermann-direkt.de\/magazin\/wp-content\/uploads\/2023\/03\/Theke-Silic-Oval_Gestell1.jpg\" alt=\"Messetheke Silic Oval - Messebau einfach gemacht\" width=\"471\" height=\"386\" srcset=\"https:\/\/www.hermann-direkt.de\/magazin\/wp-content\/uploads\/2023\/03\/Theke-Silic-Oval_Gestell1.jpg 500w, https:\/\/www.hermann-direkt.de\/magazin\/wp-content\/uploads\/2023\/03\/Theke-Silic-Oval_Gestell1-300x246.jpg 300w\" sizes=\"(max-width: 471px) 100vw, 471px\" \/><\/a><\/p>\n<h3><span class=\"ez-toc-section\" id=\"Die_Messewaende\"><\/span>Die Messew\u00e4nde<span class=\"ez-toc-section-end\"><\/span><\/h3>\n<p style=\"text-align: justify;\">Umgeben wird Ihr Stand in aller Regel durch <a href=\"https:\/\/www.hermann-direkt.de\/werbetechnik\/messestand\/messewand\">Messew\u00e4nde mit Logo und Claim<\/a>. Sie grenzen Ihren Messeauftritt ab und bilden den Hintergrund Ihrer Pr\u00e4sentationen. Im Messebau liegt hier eine gro\u00dfe Herausforderung, da meist gro\u00dfe Abmessungen auf den Bedarf einer leichtgewichtigen Konstruktion treffen. Gleichzeitig soll eine ansprechende Optik mit einer flexiblen Bespielbarkeit durch immer neue Botschaften die Grundlage Ihres Messeauftritts bilden.<\/p>\n<p><a href=\"https:\/\/www.hermann-direkt.de\/messewand-messedisplay-smart-arc\"><img loading=\"lazy\" decoding=\"async\" class=\"aligncenter wp-image-2897 size-full\" title=\"Messewand Messedisplay Smart Arc - B 300 x H 230 cm\" src=\"https:\/\/www.hermann-direkt.de\/magazin\/wp-content\/uploads\/2023\/03\/Messewand-Messedisplay-Smart-Arc-B-300-x-H-230-cm-2.jpg\" alt=\"Messewand Messedisplay Smart Arc - B 300 x H 230 cm\" width=\"934\" height=\"600\" srcset=\"https:\/\/www.hermann-direkt.de\/magazin\/wp-content\/uploads\/2023\/03\/Messewand-Messedisplay-Smart-Arc-B-300-x-H-230-cm-2.jpg 934w, https:\/\/www.hermann-direkt.de\/magazin\/wp-content\/uploads\/2023\/03\/Messewand-Messedisplay-Smart-Arc-B-300-x-H-230-cm-2-300x193.jpg 300w, https:\/\/www.hermann-direkt.de\/magazin\/wp-content\/uploads\/2023\/03\/Messewand-Messedisplay-Smart-Arc-B-300-x-H-230-cm-2-768x493.jpg 768w\" sizes=\"(max-width: 934px) 100vw, 934px\" \/><\/a><\/p>\n<h3><span class=\"ez-toc-section\" id=\"Das_Messedisplay\"><\/span>Das Messedisplay<span class=\"ez-toc-section-end\"><\/span><\/h3>\n<p style=\"text-align: justify;\">Ein Messedisplay ist ein mobiler St\u00e4nder, der aus Holz, aus Metall oder auch aus Acrylglas oder sonstigen Werkstoffen erstellt werden kann. Er dient als Basis f\u00fcr ein Exponat oder eine Abbildung bzw. einen textlichen Inhalt. Auch Flyer und andere Printmedien lassen sich hier gekonnt inszenieren und zur Mitnahme anbieten. Individuell bedrucken lassen sich Displays problemlos, so dass nicht nur die Exponate, sondern auch die Pr\u00e4senter selbst in Ihren Farben, mit Ihren Abbildungen und nicht zuletzt mit Ihrer Werbebotschaft aufwarten.<\/p>\n<h3><span class=\"ez-toc-section\" id=\"Roll-Up-Displays_und_Banner\"><\/span>Roll-Up-Displays und Banner<span class=\"ez-toc-section-end\"><\/span><\/h3>\n<p style=\"text-align: justify;\">In ihrer Werbewirksamkeit einer Messewand vergleichbar, sind <a href=\"https:\/\/www.hermann-direkt.de\/werbetechnik\/rollup-displays-banner\">Banner und Roll-Up-Displays<\/a> ungleich flexibler, obwohl sie meist nur bedingt zur Abgrenzung Ihres Stands taugen. Vor allem \u00fcber Ihre Stand kommen straff gespannte Werbebanner gut zur Geltung und lassen sich au\u00dferhalb des Messebetriebs gut rollen oder falten und kleinformatig lagern. Rollbare Displays hingegen dienen der unmittelbaren Kundenansprache \u00fcber Text und Bild. Meist \u00fcber eine faltbare Konstruktion gehalten, lassen sie sich besonders einfach aufstellen und auch jederzeit in ihrem Standort ver\u00e4ndern. So k\u00f6nnen Sie auch w\u00e4hrend des Messebetriebs rasch auf den jeweiligen Bedarf tagesaktuell reagieren.<\/p>\n<figure id=\"attachment_2893\" aria-describedby=\"caption-attachment-2893\" style=\"width: 1000px\" class=\"wp-caption aligncenter\"><img loading=\"lazy\" decoding=\"async\" class=\"wp-image-2893 size-full\" title=\"Roll-Up-Displays sind schnell auf- bzw. abgebaut und leicht zu transportieren\" src=\"https:\/\/www.hermann-direkt.de\/magazin\/wp-content\/uploads\/2023\/03\/Roll-Up3.jpg\" alt=\"Diverse Roll-Up-Displays\" width=\"1000\" height=\"490\" srcset=\"https:\/\/www.hermann-direkt.de\/magazin\/wp-content\/uploads\/2023\/03\/Roll-Up3.jpg 1000w, https:\/\/www.hermann-direkt.de\/magazin\/wp-content\/uploads\/2023\/03\/Roll-Up3-300x147.jpg 300w, https:\/\/www.hermann-direkt.de\/magazin\/wp-content\/uploads\/2023\/03\/Roll-Up3-768x376.jpg 768w\" sizes=\"(max-width: 1000px) 100vw, 1000px\" \/><figcaption id=\"caption-attachment-2893\" class=\"wp-caption-text\">\u00a9 ArtittVector &#8211; stock.adobe.com<\/figcaption><\/figure>\n<h3><span class=\"ez-toc-section\" id=\"Beachflags\"><\/span>Beachflags<span class=\"ez-toc-section-end\"><\/span><\/h3>\n<p style=\"text-align: justify;\"><a href=\"https:\/\/www.hermann-direkt.de\/fahnenmasten\/fahnen\/beachflaggen\">Beachflags mit eigenem Aufdruck<\/a> sind heute von keinem Messestand mehr wegzudenken. Freistehend setzen Sie auf Augenh\u00f6he der Kundschaft markante Farbakzente und verschaffen Ihrem Messestand Aufmerksamkeit und Attraktivit\u00e4t. Individuell bedruckt k\u00f6nnen Sie klare Statements setzen, die von Ihren Kunden bewusst wahrgenommen werden. Erg\u00e4nzt um eine sehr einfache Handhabung haben Sie die einfachen Flaggen vielfach bew\u00e4hrt und z\u00e4hlen zu den absoluten Lieblingen aller Messeausstatter.<\/p>\n<p>\u00a0 \u00a0 \u00a0 <a href=\"https:\/\/www.hermann-direkt.de\/beachflag-70-x-194-cm-ontario\"><img loading=\"lazy\" decoding=\"async\" class=\"alignnone wp-image-2900 size-full\" title=\"Beachflag, 70 x 194 cm &quot;Ontario&quot;\" src=\"https:\/\/www.hermann-direkt.de\/magazin\/wp-content\/uploads\/2023\/03\/Beachflag-70-x-194-cm-Ontario-1.jpg\" alt=\"Beachflag, 70 x 194 cm &quot;Ontario&quot;\" width=\"250\" height=\"605\" srcset=\"https:\/\/www.hermann-direkt.de\/magazin\/wp-content\/uploads\/2023\/03\/Beachflag-70-x-194-cm-Ontario-1.jpg 250w, https:\/\/www.hermann-direkt.de\/magazin\/wp-content\/uploads\/2023\/03\/Beachflag-70-x-194-cm-Ontario-1-124x300.jpg 124w\" sizes=\"(max-width: 250px) 100vw, 250px\" \/><\/a> \u00a0 \u00a0 \u00a0 <a href=\"https:\/\/www.hermann-direkt.de\/beachflag-90-x-305-cm-ladoga\"><img loading=\"lazy\" decoding=\"async\" class=\"alignnone wp-image-2902\" title=\"Beachflag, 90 x 305 cm &quot;Ladoga&quot;\" src=\"https:\/\/www.hermann-direkt.de\/magazin\/wp-content\/uploads\/2023\/03\/Beachflag-90-x-305-cm-Ladoga-1.jpg\" alt=\"Beachflag, 90 x 305 cm &quot;Ladoga&quot;\" width=\"200\" height=\"612\" srcset=\"https:\/\/www.hermann-direkt.de\/magazin\/wp-content\/uploads\/2023\/03\/Beachflag-90-x-305-cm-Ladoga-1.jpg 250w, https:\/\/www.hermann-direkt.de\/magazin\/wp-content\/uploads\/2023\/03\/Beachflag-90-x-305-cm-Ladoga-1-98x300.jpg 98w\" sizes=\"(max-width: 200px) 100vw, 200px\" \/><\/a>\u00a0 \u00a0 \u00a0 \u00a0 \u00a0 \u00a0 \u00a0<a href=\"https:\/\/www.hermann-direkt.de\/beachflag-90-x-296-cm-tana\"><img loading=\"lazy\" decoding=\"async\" class=\"alignnone wp-image-2903\" title=\"Beachflag, 90 x 296 cm &quot;Tana&quot;\" src=\"https:\/\/www.hermann-direkt.de\/magazin\/wp-content\/uploads\/2023\/03\/Beachflag-90-x-296-cm-Tana-1.jpg\" alt=\"Beachflag, 90 x 296 cm &quot;Tana&quot;\" width=\"206\" height=\"610\" srcset=\"https:\/\/www.hermann-direkt.de\/magazin\/wp-content\/uploads\/2023\/03\/Beachflag-90-x-296-cm-Tana-1.jpg 300w, https:\/\/www.hermann-direkt.de\/magazin\/wp-content\/uploads\/2023\/03\/Beachflag-90-x-296-cm-Tana-1-101x300.jpg 101w\" sizes=\"(max-width: 206px) 100vw, 206px\" \/><\/a><\/p>\n<h2><span class=\"ez-toc-section\" id=\"Extras_an_der_Messetheke_%E2%80%93_Give-aways_und_Werbegeschenke\"><\/span>Extras an der Messetheke \u2013 Give-aways und Werbegeschenke<span class=\"ez-toc-section-end\"><\/span><\/h2>\n<p style=\"text-align: justify;\">Vernachl\u00e4ssigen Sie allerdings auch nach dem Errichten Ihres Messestands nicht die Wirkung der von den Besuchern liebgewonnenen Selbstverst\u00e4ndlichkeiten. Es geh\u00f6rt zu einem Messebesuch einfach dazu, die St\u00e4nde zu betrachten und hier einen <a href=\"https:\/\/www.hermann-direkt.de\/werbeartikel\/kugelschreiber\">Kugelschreiber<\/a> mitzunehmen, dort Gummib\u00e4rchen zu bekommen und danach ein <a href=\"https:\/\/www.hermann-direkt.de\/feuerzeuge\">Feuerzeug<\/a> oder einen <a href=\"https:\/\/www.hermann-direkt.de\/werbeartikel\/werbekalender\" class=\"broken_link\">Werbekalender<\/a> sein Eigen zu nennen. Nach Ihren W\u00fcnschen individualisiert, erlauben <a href=\"https:\/\/www.hermann-direkt.de\/werbeartikel\/give-aways\">Give-aways<\/a> selbst Tage, Wochen oder sogar Monate nach dem Messebesuch einen klaren Bezug zu Ihrem Unternehmen, der ehemalige Messebesucher langfristig als m\u00f6gliche Kunden erschlie\u00dft.<\/p>\n<p>\u00a0 \u00a0 \u00a0 \u00a0 \u00a0 \u00a0 \u00a0 \u00a0<a href=\"https:\/\/www.hermann-direkt.de\/bildkalender-deutschland-ausgabe-2022\" class=\"broken_link\"><img loading=\"lazy\" decoding=\"async\" class=\"alignnone wp-image-2908\" title=\"Bildkalender &quot;Deutschland&quot;, Ausgabe 2022\" src=\"https:\/\/www.hermann-direkt.de\/magazin\/wp-content\/uploads\/2023\/03\/Bildkalender-Deutschland-Ausgabe-2022.jpg\" alt=\"Bildkalender &quot;Deutschland&quot;, Ausgabe 2022\" width=\"317\" height=\"491\" srcset=\"https:\/\/www.hermann-direkt.de\/magazin\/wp-content\/uploads\/2023\/03\/Bildkalender-Deutschland-Ausgabe-2022.jpg 451w, https:\/\/www.hermann-direkt.de\/magazin\/wp-content\/uploads\/2023\/03\/Bildkalender-Deutschland-Ausgabe-2022-193x300.jpg 193w\" sizes=\"(max-width: 317px) 100vw, 317px\" \/><\/a>\u00a0 \u00a0 \u00a0 \u00a0 \u00a0 \u00a0 \u00a0 \u00a0 \u00a0 <a href=\"https:\/\/www.hermann-direkt.de\/bildkalender-familienkalender-2022\" class=\"broken_link\"><img loading=\"lazy\" decoding=\"async\" class=\"alignnone wp-image-2909\" title=\"Bildkalender Familienkalender 2022\" src=\"https:\/\/www.hermann-direkt.de\/magazin\/wp-content\/uploads\/2023\/03\/Familienplaner.jpg\" alt=\"Bildkalender Familienkalender 2022\" width=\"305\" height=\"480\" srcset=\"https:\/\/www.hermann-direkt.de\/magazin\/wp-content\/uploads\/2023\/03\/Familienplaner.jpg 445w, https:\/\/www.hermann-direkt.de\/magazin\/wp-content\/uploads\/2023\/03\/Familienplaner-191x300.jpg 191w\" sizes=\"(max-width: 305px) 100vw, 305px\" \/><\/a><\/p>\n<h2><span class=\"ez-toc-section\" id=\"Fazit_%E2%80%93_Bauteile_und_Werbemittel_im_Messebau_individuell_bedrucken\"><\/span>Fazit \u2013 Bauteile und Werbemittel im Messebau individuell bedrucken<span class=\"ez-toc-section-end\"><\/span><\/h2>\n<p style=\"text-align: justify;\">Eine Messe ist f\u00fcr viele Unternehmen aus der Automobilbranche Chance und Herausforderung zugleich. Der Messebau stellt Sie vor ganz neue Herausforderungen, w\u00e4hrend gerade der Messestand Ihnen hervorragende Pr\u00e4sentationsm\u00f6glichkeiten bietet. Lassen Sie die einzelnen Bauteile individuell bedrucken, um eine optimale Wirkung zu erzielen und aus einfachen Besuchern auf Dauer potentielle und letztlich dann sogar reale Kunden Ihres Unternehmens zu machen.<\/p>\n","protected":false},"excerpt":{"rendered":"<p>\u00ab Komponenten zusammenstellen und individuell bedrucken lassen \u00bb Mit dem Fr\u00fchjahr kommt die Zeit der Ausstellungen, der Produktneuheiten und ganz allgemein des Umschauens und Kaufens. Eine Messe ist daher f\u00fcr unz\u00e4hlige Unternehmen das Mittel der Wahl, sich selbst und die Produkte sowie Dienstleistungen einem interessierten Publikum professionell zu pr\u00e4sentieren. Allerdings stellt der Messebau, also alles &hellip;<\/p>\n","protected":false},"author":1,"featured_media":2880,"comment_status":"closed","ping_status":"open","sticky":false,"template":"","format":"standard","meta":{"footnotes":""},"categories":[3],"tags":[425,52,451,494,492,495,480,481,479,467,92],"class_list":["post-2872","post","type-post","status-publish","format-standard","has-post-thumbnail","","category-werbung","tag-beachflags","tag-give-aways","tag-individuell-bedruckt","tag-messebau-einfach","tag-messebau-einfach-gemacht","tag-messeplanung","tag-messetheke","tag-messevorbereitung","tag-messewand","tag-roll-up-display","tag-werbegeschenke"],"yoast_head":"<!-- This site is optimized with the Yoast SEO plugin v23.2 - https:\/\/yoast.com\/wordpress\/plugins\/seo\/ -->\n<title>Messebau einfach gemacht - HERMANN Fachversand<\/title>\n<meta name=\"description\" content=\"Professioneller Messebau einfach gemacht\u2714 Das Hermann-Direkt Magazin zeigt, wie Sie als Werkstatt &amp; Autohaus an hochwertigen Messest\u00e4nden ausstellen!\" \/>\n<meta name=\"robots\" content=\"noindex, follow\" \/>\n<meta property=\"og:locale\" content=\"de_DE\" \/>\n<meta property=\"og:type\" content=\"article\" \/>\n<meta property=\"og:title\" content=\"Messebau einfach gemacht - HERMANN Fachversand\" \/>\n<meta property=\"og:description\" content=\"Professioneller Messebau einfach gemacht\u2714 Das Hermann-Direkt Magazin zeigt, wie Sie als Werkstatt &amp; Autohaus an hochwertigen Messest\u00e4nden ausstellen!\" \/>\n<meta property=\"og:url\" content=\"https:\/\/www.hermann-direkt.de\/magazin\/messebau-einfach-gemacht\/\" \/>\n<meta property=\"og:site_name\" content=\"HERMANN Fachversand\" \/>\n<meta property=\"article:published_time\" content=\"2021-03-17T10:20:05+00:00\" \/>\n<meta property=\"article:modified_time\" content=\"2026-03-19T12:27:23+00:00\" \/>\n<meta property=\"og:image\" content=\"https:\/\/www.hermann-direkt.de\/magazin\/wp-content\/uploads\/2023\/03\/Messe-Eingangshalle.jpg\" \/>\n\t<meta property=\"og:image:width\" content=\"900\" \/>\n\t<meta property=\"og:image:height\" content=\"480\" \/>\n\t<meta property=\"og:image:type\" content=\"image\/jpeg\" \/>\n<meta name=\"author\" content=\"arboro\" \/>\n<meta name=\"twitter:card\" content=\"summary_large_image\" \/>\n<meta name=\"twitter:label1\" content=\"Verfasst von\" \/>\n\t<meta name=\"twitter:data1\" content=\"arboro\" \/>\n\t<meta name=\"twitter:label2\" content=\"Gesch\u00e4tzte Lesezeit\" \/>\n\t<meta name=\"twitter:data2\" content=\"9\u00a0Minuten\" \/>\n<script type=\"application\/ld+json\" class=\"yoast-schema-graph\">{\"@context\":\"https:\/\/schema.org\",\"@graph\":[{\"@type\":\"WebPage\",\"@id\":\"https:\/\/www.hermann-direkt.de\/magazin\/messebau-einfach-gemacht\/\",\"url\":\"https:\/\/www.hermann-direkt.de\/magazin\/messebau-einfach-gemacht\/\",\"name\":\"Messebau einfach gemacht - HERMANN Fachversand\",\"isPartOf\":{\"@id\":\"https:\/\/www.hermann-direkt.de\/magazin\/#website\"},\"primaryImageOfPage\":{\"@id\":\"https:\/\/www.hermann-direkt.de\/magazin\/messebau-einfach-gemacht\/#primaryimage\"},\"image\":{\"@id\":\"https:\/\/www.hermann-direkt.de\/magazin\/messebau-einfach-gemacht\/#primaryimage\"},\"thumbnailUrl\":\"https:\/\/www.hermann-direkt.de\/magazin\/wp-content\/uploads\/2023\/03\/Messe-Eingangshalle.jpg\",\"datePublished\":\"2021-03-17T10:20:05+00:00\",\"dateModified\":\"2026-03-19T12:27:23+00:00\",\"author\":{\"@id\":\"https:\/\/www.hermann-direkt.de\/magazin\/#\/schema\/person\/d6d6de3468686f9fc5e5152f403cd1ef\"},\"description\":\"Professioneller Messebau einfach gemacht\u2714 Das Hermann-Direkt Magazin zeigt, wie Sie als Werkstatt & Autohaus an hochwertigen Messest\u00e4nden ausstellen!\",\"breadcrumb\":{\"@id\":\"https:\/\/www.hermann-direkt.de\/magazin\/messebau-einfach-gemacht\/#breadcrumb\"},\"inLanguage\":\"de\",\"potentialAction\":[{\"@type\":\"ReadAction\",\"target\":[\"https:\/\/www.hermann-direkt.de\/magazin\/messebau-einfach-gemacht\/\"]}]},{\"@type\":\"ImageObject\",\"inLanguage\":\"de\",\"@id\":\"https:\/\/www.hermann-direkt.de\/magazin\/messebau-einfach-gemacht\/#primaryimage\",\"url\":\"https:\/\/www.hermann-direkt.de\/magazin\/wp-content\/uploads\/2023\/03\/Messe-Eingangshalle.jpg\",\"contentUrl\":\"https:\/\/www.hermann-direkt.de\/magazin\/wp-content\/uploads\/2023\/03\/Messe-Eingangshalle.jpg\",\"width\":900,\"height\":480,\"caption\":\"\u00a9 Pavel Losevsky - stock.adobe.com\"},{\"@type\":\"BreadcrumbList\",\"@id\":\"https:\/\/www.hermann-direkt.de\/magazin\/messebau-einfach-gemacht\/#breadcrumb\",\"itemListElement\":[{\"@type\":\"ListItem\",\"position\":1,\"name\":\"Startseite\",\"item\":\"https:\/\/www.hermann-direkt.de\/magazin\/\"},{\"@type\":\"ListItem\",\"position\":2,\"name\":\"Messebau einfach gemacht\"}]},{\"@type\":\"WebSite\",\"@id\":\"https:\/\/www.hermann-direkt.de\/magazin\/#website\",\"url\":\"https:\/\/www.hermann-direkt.de\/magazin\/\",\"name\":\"HERMANN Fachversand\",\"description\":\"\",\"potentialAction\":[{\"@type\":\"SearchAction\",\"target\":{\"@type\":\"EntryPoint\",\"urlTemplate\":\"https:\/\/www.hermann-direkt.de\/magazin\/?s={search_term_string}\"},\"query-input\":\"required name=search_term_string\"}],\"inLanguage\":\"de\"},{\"@type\":\"Person\",\"@id\":\"https:\/\/www.hermann-direkt.de\/magazin\/#\/schema\/person\/d6d6de3468686f9fc5e5152f403cd1ef\",\"name\":\"arboro\",\"image\":{\"@type\":\"ImageObject\",\"inLanguage\":\"de\",\"@id\":\"https:\/\/www.hermann-direkt.de\/magazin\/#\/schema\/person\/image\/\",\"url\":\"https:\/\/secure.gravatar.com\/avatar\/a794a4fe8a9b9c52241597eb381dfa2e?s=96&d=mm&r=g\",\"contentUrl\":\"https:\/\/secure.gravatar.com\/avatar\/a794a4fe8a9b9c52241597eb381dfa2e?s=96&d=mm&r=g\",\"caption\":\"arboro\"}}]}<\/script>\n<!-- \/ Yoast SEO plugin. -->","yoast_head_json":{"title":"Messebau einfach gemacht - HERMANN Fachversand","description":"Professioneller Messebau einfach gemacht\u2714 Das Hermann-Direkt Magazin zeigt, wie Sie als Werkstatt & Autohaus an hochwertigen Messest\u00e4nden ausstellen!","robots":{"index":"noindex","follow":"follow"},"og_locale":"de_DE","og_type":"article","og_title":"Messebau einfach gemacht - HERMANN Fachversand","og_description":"Professioneller Messebau einfach gemacht\u2714 Das Hermann-Direkt Magazin zeigt, wie Sie als Werkstatt & Autohaus an hochwertigen Messest\u00e4nden ausstellen!","og_url":"https:\/\/www.hermann-direkt.de\/magazin\/messebau-einfach-gemacht\/","og_site_name":"HERMANN Fachversand","article_published_time":"2021-03-17T10:20:05+00:00","article_modified_time":"2026-03-19T12:27:23+00:00","og_image":[{"width":900,"height":480,"url":"https:\/\/www.hermann-direkt.de\/magazin\/wp-content\/uploads\/2023\/03\/Messe-Eingangshalle.jpg","type":"image\/jpeg"}],"author":"arboro","twitter_card":"summary_large_image","twitter_misc":{"Verfasst von":"arboro","Gesch\u00e4tzte Lesezeit":"9\u00a0Minuten"},"schema":{"@context":"https:\/\/schema.org","@graph":[{"@type":"WebPage","@id":"https:\/\/www.hermann-direkt.de\/magazin\/messebau-einfach-gemacht\/","url":"https:\/\/www.hermann-direkt.de\/magazin\/messebau-einfach-gemacht\/","name":"Messebau einfach gemacht - HERMANN Fachversand","isPartOf":{"@id":"https:\/\/www.hermann-direkt.de\/magazin\/#website"},"primaryImageOfPage":{"@id":"https:\/\/www.hermann-direkt.de\/magazin\/messebau-einfach-gemacht\/#primaryimage"},"image":{"@id":"https:\/\/www.hermann-direkt.de\/magazin\/messebau-einfach-gemacht\/#primaryimage"},"thumbnailUrl":"https:\/\/www.hermann-direkt.de\/magazin\/wp-content\/uploads\/2023\/03\/Messe-Eingangshalle.jpg","datePublished":"2021-03-17T10:20:05+00:00","dateModified":"2026-03-19T12:27:23+00:00","author":{"@id":"https:\/\/www.hermann-direkt.de\/magazin\/#\/schema\/person\/d6d6de3468686f9fc5e5152f403cd1ef"},"description":"Professioneller Messebau einfach gemacht\u2714 Das Hermann-Direkt Magazin zeigt, wie Sie als Werkstatt & Autohaus an hochwertigen Messest\u00e4nden ausstellen!","breadcrumb":{"@id":"https:\/\/www.hermann-direkt.de\/magazin\/messebau-einfach-gemacht\/#breadcrumb"},"inLanguage":"de","potentialAction":[{"@type":"ReadAction","target":["https:\/\/www.hermann-direkt.de\/magazin\/messebau-einfach-gemacht\/"]}]},{"@type":"ImageObject","inLanguage":"de","@id":"https:\/\/www.hermann-direkt.de\/magazin\/messebau-einfach-gemacht\/#primaryimage","url":"https:\/\/www.hermann-direkt.de\/magazin\/wp-content\/uploads\/2023\/03\/Messe-Eingangshalle.jpg","contentUrl":"https:\/\/www.hermann-direkt.de\/magazin\/wp-content\/uploads\/2023\/03\/Messe-Eingangshalle.jpg","width":900,"height":480,"caption":"\u00a9 Pavel Losevsky - stock.adobe.com"},{"@type":"BreadcrumbList","@id":"https:\/\/www.hermann-direkt.de\/magazin\/messebau-einfach-gemacht\/#breadcrumb","itemListElement":[{"@type":"ListItem","position":1,"name":"Startseite","item":"https:\/\/www.hermann-direkt.de\/magazin\/"},{"@type":"ListItem","position":2,"name":"Messebau einfach gemacht"}]},{"@type":"WebSite","@id":"https:\/\/www.hermann-direkt.de\/magazin\/#website","url":"https:\/\/www.hermann-direkt.de\/magazin\/","name":"HERMANN Fachversand","description":"","potentialAction":[{"@type":"SearchAction","target":{"@type":"EntryPoint","urlTemplate":"https:\/\/www.hermann-direkt.de\/magazin\/?s={search_term_string}"},"query-input":"required name=search_term_string"}],"inLanguage":"de"},{"@type":"Person","@id":"https:\/\/www.hermann-direkt.de\/magazin\/#\/schema\/person\/d6d6de3468686f9fc5e5152f403cd1ef","name":"arboro","image":{"@type":"ImageObject","inLanguage":"de","@id":"https:\/\/www.hermann-direkt.de\/magazin\/#\/schema\/person\/image\/","url":"https:\/\/secure.gravatar.com\/avatar\/a794a4fe8a9b9c52241597eb381dfa2e?s=96&d=mm&r=g","contentUrl":"https:\/\/secure.gravatar.com\/avatar\/a794a4fe8a9b9c52241597eb381dfa2e?s=96&d=mm&r=g","caption":"arboro"}}]}},"_links":{"self":[{"href":"https:\/\/www.hermann-direkt.de\/magazin\/wp-json\/wp\/v2\/posts\/2872"}],"collection":[{"href":"https:\/\/www.hermann-direkt.de\/magazin\/wp-json\/wp\/v2\/posts"}],"about":[{"href":"https:\/\/www.hermann-direkt.de\/magazin\/wp-json\/wp\/v2\/types\/post"}],"author":[{"embeddable":true,"href":"https:\/\/www.hermann-direkt.de\/magazin\/wp-json\/wp\/v2\/users\/1"}],"replies":[{"embeddable":true,"href":"https:\/\/www.hermann-direkt.de\/magazin\/wp-json\/wp\/v2\/comments?post=2872"}],"version-history":[{"count":36,"href":"https:\/\/www.hermann-direkt.de\/magazin\/wp-json\/wp\/v2\/posts\/2872\/revisions"}],"predecessor-version":[{"id":6059,"href":"https:\/\/www.hermann-direkt.de\/magazin\/wp-json\/wp\/v2\/posts\/2872\/revisions\/6059"}],"wp:featuredmedia":[{"embeddable":true,"href":"https:\/\/www.hermann-direkt.de\/magazin\/wp-json\/wp\/v2\/media\/2880"}],"wp:attachment":[{"href":"https:\/\/www.hermann-direkt.de\/magazin\/wp-json\/wp\/v2\/media?parent=2872"}],"wp:term":[{"taxonomy":"category","embeddable":true,"href":"https:\/\/www.hermann-direkt.de\/magazin\/wp-json\/wp\/v2\/categories?post=2872"},{"taxonomy":"post_tag","embeddable":true,"href":"https:\/\/www.hermann-direkt.de\/magazin\/wp-json\/wp\/v2\/tags?post=2872"}],"curies":[{"name":"wp","href":"https:\/\/api.w.org\/{rel}","templated":true}]}}