{"id":2806,"date":"2021-03-11T08:30:51","date_gmt":"2021-03-11T07:30:51","guid":{"rendered":"https:\/\/www.hermann-direkt.de\/magazin\/?p=2806"},"modified":"2025-11-11T09:04:55","modified_gmt":"2025-11-11T08:04:55","slug":"autofruehling","status":"publish","type":"post","link":"https:\/\/www.hermann-direkt.de\/magazin\/autofruehling\/","title":{"rendered":"Autofr\u00fchling"},"content":{"rendered":"<div id=\"ez-toc-container\" class=\"ez-toc-v2_0_68_1 ez-toc-wrap-center counter-hierarchy ez-toc-counter ez-toc-grey ez-toc-container-direction\">\n<div class=\"ez-toc-title-container\">\n<p class=\"ez-toc-title \" >Inhaltsverzeichnis<\/p>\n<span class=\"ez-toc-title-toggle\"><a href=\"#\" class=\"ez-toc-pull-right ez-toc-btn ez-toc-btn-xs ez-toc-btn-default ez-toc-toggle\" aria-label=\"Toggle Table of Content\"><span class=\"ez-toc-js-icon-con\"><span class=\"\"><span class=\"eztoc-hide\" style=\"display:none;\">Toggle<\/span><span class=\"ez-toc-icon-toggle-span\"><svg style=\"fill: #999;color:#999\" xmlns=\"http:\/\/www.w3.org\/2000\/svg\" class=\"list-377408\" width=\"20px\" height=\"20px\" viewBox=\"0 0 24 24\" fill=\"none\"><path d=\"M6 6H4v2h2V6zm14 0H8v2h12V6zM4 11h2v2H4v-2zm16 0H8v2h12v-2zM4 16h2v2H4v-2zm16 0H8v2h12v-2z\" fill=\"currentColor\"><\/path><\/svg><svg style=\"fill: #999;color:#999\" class=\"arrow-unsorted-368013\" xmlns=\"http:\/\/www.w3.org\/2000\/svg\" width=\"10px\" height=\"10px\" viewBox=\"0 0 24 24\" version=\"1.2\" baseProfile=\"tiny\"><path d=\"M18.2 9.3l-6.2-6.3-6.2 6.3c-.2.2-.3.4-.3.7s.1.5.3.7c.2.2.4.3.7.3h11c.3 0 .5-.1.7-.3.2-.2.3-.5.3-.7s-.1-.5-.3-.7zM5.8 14.7l6.2 6.3 6.2-6.3c.2-.2.3-.5.3-.7s-.1-.5-.3-.7c-.2-.2-.4-.3-.7-.3h-11c-.3 0-.5.1-.7.3-.2.2-.3.5-.3.7s.1.5.3.7z\"\/><\/svg><\/span><\/span><\/span><\/a><\/span><\/div>\n<nav><ul class='ez-toc-list ez-toc-list-level-1 ' ><li class='ez-toc-page-1 ez-toc-heading-level-2'><a class=\"ez-toc-link ez-toc-heading-1\" href=\"https:\/\/www.hermann-direkt.de\/magazin\/autofruehling\/#%C2%AB_Mobile_Warenpraesentation_fuer_Autohaendler_%C2%BB\" title=\"\u00ab Mobile Warenpr\u00e4sentation f\u00fcr Autoh\u00e4ndler \u00bb\">\u00ab Mobile Warenpr\u00e4sentation f\u00fcr Autoh\u00e4ndler \u00bb<\/a><\/li><li class='ez-toc-page-1 ez-toc-heading-level-2'><a class=\"ez-toc-link ez-toc-heading-2\" href=\"https:\/\/www.hermann-direkt.de\/magazin\/autofruehling\/#Warum_Autos_und_Dienstleistungen_mobil_praesentieren\" title=\"Warum Autos und Dienstleistungen mobil pr\u00e4sentieren?\">Warum Autos und Dienstleistungen mobil pr\u00e4sentieren?<\/a><\/li><li class='ez-toc-page-1 ez-toc-heading-level-2'><a class=\"ez-toc-link ez-toc-heading-3\" href=\"https:\/\/www.hermann-direkt.de\/magazin\/autofruehling\/#Welche_Formen_der_mobilen_Warenpraesentation_gibt_es\" title=\"Welche Formen der mobilen Warenpr\u00e4sentation gibt es?\">Welche Formen der mobilen Warenpr\u00e4sentation gibt es?<\/a><\/li><li class='ez-toc-page-1 ez-toc-heading-level-2'><a class=\"ez-toc-link ez-toc-heading-4\" href=\"https:\/\/www.hermann-direkt.de\/magazin\/autofruehling\/#Beachflags\" title=\"Beachflags\">Beachflags<\/a><\/li><li class='ez-toc-page-1 ez-toc-heading-level-2'><a class=\"ez-toc-link ez-toc-heading-5\" href=\"https:\/\/www.hermann-direkt.de\/magazin\/autofruehling\/#Mobile_Fahnenmasten\" title=\"Mobile Fahnenmasten\">Mobile Fahnenmasten<\/a><\/li><li class='ez-toc-page-1 ez-toc-heading-level-2'><a class=\"ez-toc-link ez-toc-heading-6\" href=\"https:\/\/www.hermann-direkt.de\/magazin\/autofruehling\/#Werbebanner\" title=\"Werbebanner\">Werbebanner<\/a><\/li><li class='ez-toc-page-1 ez-toc-heading-level-2'><a class=\"ez-toc-link ez-toc-heading-7\" href=\"https:\/\/www.hermann-direkt.de\/magazin\/autofruehling\/#Fahrzeug-Aufkleber\" title=\"Fahrzeug-Aufkleber\">Fahrzeug-Aufkleber<\/a><\/li><li class='ez-toc-page-1 ez-toc-heading-level-2'><a class=\"ez-toc-link ez-toc-heading-8\" href=\"https:\/\/www.hermann-direkt.de\/magazin\/autofruehling\/#Scheibenaufkleber\" title=\"Scheibenaufkleber\">Scheibenaufkleber<\/a><\/li><li class='ez-toc-page-1 ez-toc-heading-level-2'><a class=\"ez-toc-link ez-toc-heading-9\" href=\"https:\/\/www.hermann-direkt.de\/magazin\/autofruehling\/#Give-aways\" title=\"Give-aways\">Give-aways<\/a><\/li><li class='ez-toc-page-1 ez-toc-heading-level-2'><a class=\"ez-toc-link ez-toc-heading-10\" href=\"https:\/\/www.hermann-direkt.de\/magazin\/autofruehling\/#Fazit_%E2%80%93_durch_mobile_Warenpraesentation_auch_auf_Ihrem_Autofruehling_gut_ausgestattet\" title=\"Fazit &#8211; durch mobile Warenpr\u00e4sentation auch auf Ihrem Autofr\u00fchling gut ausgestattet\">Fazit &#8211; durch mobile Warenpr\u00e4sentation auch auf Ihrem Autofr\u00fchling gut ausgestattet<\/a><\/li><\/ul><\/nav><\/div>\n<h2><span class=\"ez-toc-section\" id=\"%C2%AB_Mobile_Warenpraesentation_fuer_Autohaendler_%C2%BB\"><\/span>\u00ab Mobile Warenpr\u00e4sentation f\u00fcr Autoh\u00e4ndler \u00bb<span class=\"ez-toc-section-end\"><\/span><\/h2>\n<p style=\"text-align: justify;\"><strong>Mit dem Ende des Winters kommt die Zeit der Messen und Verkaufspr\u00e4sentationen. In der Automobilbranche lockt mancherorts der sogenannte Autofr\u00fchling. Ob Bad Schalbacher, Bayreuther oder Geraer Autofr\u00fchling, \u00fcberall buhlen unz\u00e4hlige H\u00e4ndler und Hersteller um die Gunst der Kunden. Damit gerade Ihre Dienstleistungen, Produkte und nat\u00fcrlich auch Fahrzeuge optimal in Erscheinung treten, sollen Sie sich beim Thema der mobilen Warenpr\u00e4sentation auskennen. Denn durch einfache Werbema\u00dfnahmen gelingt Ihnen eine direkte und verbindliche Kundenansprache im Handumdrehen.<\/strong><\/p>\n<h2><span class=\"ez-toc-section\" id=\"Warum_Autos_und_Dienstleistungen_mobil_praesentieren\"><\/span>Warum Autos und Dienstleistungen mobil pr\u00e4sentieren?<span class=\"ez-toc-section-end\"><\/span><\/h2>\n<p style=\"text-align: justify;\">Selbstverst\u00e4ndlich ist die Hauptwirkungsst\u00e4tte der allermeisten Autoh\u00e4user und vor allem auch Werkst\u00e4tten am eigentlichen Standort. Dort nutzen Sie \u00fcblicherweise ein dauerhaftes Werbekonzept aus unterschiedlichsten Fahnen, Plakaten und mitunter auch digitalen Medien. Warum also sollten Sie auf mobile Pr\u00e4sentationsformen setzen? Jedes Jahr aufs Neue lockt der so genannte Autofr\u00fchling vielerorts Kunden, die die Fr\u00fchjahrsgef\u00fchle mit Sonne und warmen Temperaturen nutzen, um sich mit einem neuen Auto zu befassen. Im hessischen Bad Schalbach ebenso wie im schw\u00e4bischen \u00d6hringen bieten sich Ihnen hier ideale Voraussetzungen zur Pr\u00e4sentation Ihres Unternehmens und Ihrer Leistungen innerhalb weniger Tage auf eng abgestecktem Raum.<\/p>\n<figure id=\"attachment_2809\" aria-describedby=\"caption-attachment-2809\" style=\"width: 900px\" class=\"wp-caption aligncenter\"><img loading=\"lazy\" decoding=\"async\" class=\"wp-image-2809 size-full\" title=\"Vielerorts gibt es Gelegenheiten, mobile Werbemittel einzusetzen\" src=\"https:\/\/www.hermann-direkt.de\/magazin\/wp-content\/uploads\/2023\/03\/Auto-Show-1.jpg\" alt=\"Auto-Show\" width=\"900\" height=\"544\" srcset=\"https:\/\/www.hermann-direkt.de\/magazin\/wp-content\/uploads\/2023\/03\/Auto-Show-1.jpg 900w, https:\/\/www.hermann-direkt.de\/magazin\/wp-content\/uploads\/2023\/03\/Auto-Show-1-300x181.jpg 300w, https:\/\/www.hermann-direkt.de\/magazin\/wp-content\/uploads\/2023\/03\/Auto-Show-1-768x464.jpg 768w\" sizes=\"(max-width: 900px) 100vw, 900px\" \/><figcaption id=\"caption-attachment-2809\" class=\"wp-caption-text\">\u00a9 wooooooojpn &#8211; stock.adobe.com<\/figcaption><\/figure>\n<h2><span class=\"ez-toc-section\" id=\"Welche_Formen_der_mobilen_Warenpraesentation_gibt_es\"><\/span>Welche Formen der mobilen Warenpr\u00e4sentation gibt es?<span class=\"ez-toc-section-end\"><\/span><\/h2>\n<p style=\"text-align: justify;\">Damit Sie mit Ihrem Werbekonzept f\u00fcr den Autofr\u00fchling auch genau so flexibel und mobil sind, wie Sie es ben\u00f6tigen, bieten sich verschiedene etablierte Werbemittel rund um den kurzzeitigen Einsatz an verschiedenen Orten geradezu optimal an:<\/p>\n<h2><span class=\"ez-toc-section\" id=\"Beachflags\"><\/span>Beachflags<span class=\"ez-toc-section-end\"><\/span><\/h2>\n<p style=\"text-align: justify;\"><a href=\"https:\/\/www.hermann-direkt.de\/fahnenmasten\/fahnen\/beachflaggen\">Beachflags mit Weitsichtgarantie<\/a> sind von keinem Autofr\u00fchling wegzudenken. Die Kunden bewegen sich zwischen den einzelnen Ausstellern und werden durch die mobilen Fahnen mit augenf\u00e4lligen, herausstechenden Motiven, Farben und Texten zu genau Ihrem Pr\u00e4sentationsstand geleitet. Durch die gebogene Form mit einem einzelnen Stab als Mast und Ausleger zugleich sind diese mobilen Aufsteller modern und zugleich zeitlos. Rasch auf- und umgestellt und ebenso rasch wieder abgebaut, geh\u00f6ren sie heute zur Grundausstattung eines jeden Messestands.<\/p>\n<p>\u00a0 \u00a0 \u00a0 \u00a0 \u00a0 \u00a0 \u00a0 \u00a0 <a href=\"https:\/\/www.hermann-direkt.de\/beachflag-90-x-296-cm-tana\"><img loading=\"lazy\" decoding=\"async\" class=\"alignnone wp-image-2816\" title=\"Beachflag, 90 x 296 cm &quot;Tana&quot;\" src=\"https:\/\/www.hermann-direkt.de\/magazin\/wp-content\/uploads\/2023\/03\/Beachflag-90-x-296-cm-Tana.jpg\" alt=\"Beachflag, 90 x 296 cm &quot;Tana&quot; - zB f\u00fcr Messen wie Autofr\u00fchling\" width=\"279\" height=\"794\" srcset=\"https:\/\/www.hermann-direkt.de\/magazin\/wp-content\/uploads\/2023\/03\/Beachflag-90-x-296-cm-Tana.jpg 300w, https:\/\/www.hermann-direkt.de\/magazin\/wp-content\/uploads\/2023\/03\/Beachflag-90-x-296-cm-Tana-105x300.jpg 105w\" sizes=\"(max-width: 279px) 100vw, 279px\" \/><\/a>\u00a0 \u00a0 \u00a0 \u00a0 \u00a0 \u00a0 \u00a0 \u00a0 \u00a0 \u00a0 \u00a0 <a href=\"https:\/\/www.hermann-direkt.de\/beachflag-70-x-201-cm-kasba\"><img loading=\"lazy\" decoding=\"async\" class=\"alignnone wp-image-2818\" title=\"Beachflag 70 x 201 cm &quot;Kasba&quot;\" src=\"https:\/\/www.hermann-direkt.de\/magazin\/wp-content\/uploads\/2023\/03\/Beachflag-70-x-201-cm-Kasba.jpg\" alt=\"Beachflag 70 x 201 cm &quot;Kasba&quot;\" width=\"300\" height=\"759\" \/><\/a><\/p>\n<h2><span class=\"ez-toc-section\" id=\"Mobile_Fahnenmasten\"><\/span>Mobile Fahnenmasten<span class=\"ez-toc-section-end\"><\/span><\/h2>\n<p style=\"text-align: justify;\">Demselben Prinzip wie die Beachflag folgend, weisen <a href=\"https:\/\/www.hermann-direkt.de\/fahnenmasten\/mobile-fahnenmasten\">mobile Fahnenmasten<\/a> jedoch deutlich gr\u00f6\u00dfere Dimensionen auf. Sie eignen sich vor allem f\u00fcr die Au\u00dfenfl\u00e4chen beim Autofr\u00fchling und k\u00f6nnen so das Erfurter oder auch Bayreuther Publikum bereits von weitem auf Sie aufmerksam machen. Im Gegensatz zur vorgenannten Kategorie kommen mobile Fahnen nicht ohne <a href=\"\/fahnenmasten\/zubehoer\">Standsicherung mit Gewichten oder Erdankern<\/a> aus. Daher brauchen Sie auch mehr Platz und sollten von vorn herein in Ihr Ausstellungskonzept eingeplant werden.<\/p>\n<p><a href=\"https:\/\/www.hermann-direkt.de\/mobile-fahnenmast-dreier-gruppe-fuer-fahnen-bis-120-x-300-cm\"><img loading=\"lazy\" decoding=\"async\" class=\"alignnone wp-image-2823\" title=\"Mobile Fahnenmast-Dreier-Gruppe f\u00fcr Fahnen bis 120 x 300 cm - ohne Hiss-Vorrichtung\" src=\"https:\/\/www.hermann-direkt.de\/magazin\/wp-content\/uploads\/2023\/03\/50031900_01-1.jpg\" alt=\"Mobile Fahnenmast-Dreier-Gruppe f\u00fcr Fahnen bis 120 x 300 cm - ohne Hiss-Vorrichtung\" width=\"426\" height=\"400\" srcset=\"https:\/\/www.hermann-direkt.de\/magazin\/wp-content\/uploads\/2023\/03\/50031900_01-1.jpg 450w, https:\/\/www.hermann-direkt.de\/magazin\/wp-content\/uploads\/2023\/03\/50031900_01-1-300x282.jpg 300w\" sizes=\"(max-width: 426px) 100vw, 426px\" \/><\/a> <a href=\"https:\/\/www.hermann-direkt.de\/teleskop-fahnenmast-mit-ausleger-mobil-hoehenverstellbar-von-2-00-bis-5-00-m\"><img loading=\"lazy\" decoding=\"async\" class=\"alignnone wp-image-2825 size-full\" title=\"Teleskop Fahnenmast mit Ausleger, mobil, h\u00f6henverstellbar von 2,00 bis 5,00 m\" src=\"https:\/\/www.hermann-direkt.de\/magazin\/wp-content\/uploads\/2023\/03\/50032600_01-1.jpg\" alt=\"Teleskop Fahnenmast mit Ausleger, mobil, h\u00f6henverstellbar von 2,00 bis 5,00 m\" width=\"400\" height=\"400\" srcset=\"https:\/\/www.hermann-direkt.de\/magazin\/wp-content\/uploads\/2023\/03\/50032600_01-1.jpg 400w, https:\/\/www.hermann-direkt.de\/magazin\/wp-content\/uploads\/2023\/03\/50032600_01-1-300x300.jpg 300w, https:\/\/www.hermann-direkt.de\/magazin\/wp-content\/uploads\/2023\/03\/50032600_01-1-150x150.jpg 150w\" sizes=\"(max-width: 400px) 100vw, 400px\" \/><\/a><\/p>\n<h2><span class=\"ez-toc-section\" id=\"Werbebanner\"><\/span>Werbebanner<span class=\"ez-toc-section-end\"><\/span><\/h2>\n<p style=\"text-align: justify;\">Zwischen zwei Masten, zwei Ausstellungspavillons oder an soliden Wandankern befestigt, \u00fcberragt ein <a href=\"https:\/\/www.hermann-direkt.de\/werbetechnik\/werbebanner\/werbebanner-drucken\">Werbebanner mit individuellem Druck<\/a> h\u00e4ufig den gesamten <a href=\"https:\/\/www.hermann-direkt.de\/werbetechnik\/messestand\">Messestand<\/a> samt <a href=\"https:\/\/www.hermann-direkt.de\/werbetechnik\/messestand\/messewand\">Werbedisplays<\/a> und <a href=\"https:\/\/www.hermann-direkt.de\/werbetechnik\/messestand\/messetheke\">Messeteheke<\/a>. So ist es geradezu ideal f\u00fcr die Darstellung Ihres Firmennamens oder auch -logos in unmittelbarer Verbindung zu Ihnen und Ihren Leistungen. Durch die straffe Aufspannung bleibt die Werbebotschaft selbst bei Wind bzw. Windstille jederzeit gut lesbar und \u00fcberragt damit in der Wirkung die meisten anderen Typen an Fahnen und Flaggen. Jeder Autofr\u00fchling erh\u00e4lt durch die F\u00fclle unterschiedlicher Banner seine markante Erscheinung, der die Vielzahl an Kunden lockt und auch zu Ihnen f\u00fchrt.<\/p>\n<p><img loading=\"lazy\" decoding=\"async\" class=\"alignnone wp-image-2828 \" title=\"Mobiles Display-System mit 2 runden Bodenst\u00e4ndern \u00d8 70 cm f\u00fcr Spannb\u00e4nder 300 x 70 cm\" src=\"https:\/\/www.hermann-direkt.de\/magazin\/wp-content\/uploads\/2023\/03\/56000400g.jpg\" alt=\"Mobiles Display-System mit 2 runden Bodenst\u00e4ndern \u00d8 70 cm f\u00fcr Spannb\u00e4nder 300 x 70 cm\" width=\"411\" height=\"411\" srcset=\"https:\/\/www.hermann-direkt.de\/magazin\/wp-content\/uploads\/2023\/03\/56000400g.jpg 400w, https:\/\/www.hermann-direkt.de\/magazin\/wp-content\/uploads\/2023\/03\/56000400g-300x300.jpg 300w, https:\/\/www.hermann-direkt.de\/magazin\/wp-content\/uploads\/2023\/03\/56000400g-150x150.jpg 150w\" sizes=\"(max-width: 411px) 100vw, 411px\" \/>\u00a0 \u00a0 \u00a0 \u00a0<a href=\"https:\/\/www.hermann-direkt.de\/messetheke-express-pop-up#8b6fdd8975afdbc33c21e9215411395a\"><img loading=\"lazy\" decoding=\"async\" class=\"alignnone wp-image-2833\" title=\"Messetheke Express Pop Up\" src=\"https:\/\/www.hermann-direkt.de\/magazin\/wp-content\/uploads\/2023\/03\/Messetheke-Express-Pop-Up-1.jpg\" alt=\"Messetheke Express Pop Up - zB f\u00fcr Messen wie Autofr\u00fchling\" width=\"372\" height=\"434\" srcset=\"https:\/\/www.hermann-direkt.de\/magazin\/wp-content\/uploads\/2023\/03\/Messetheke-Express-Pop-Up-1.jpg 400w, https:\/\/www.hermann-direkt.de\/magazin\/wp-content\/uploads\/2023\/03\/Messetheke-Express-Pop-Up-1-258x300.jpg 258w\" sizes=\"(max-width: 372px) 100vw, 372px\" \/><\/a><\/p>\n<h2><span class=\"ez-toc-section\" id=\"Fahrzeug-Aufkleber\"><\/span>Fahrzeug-Aufkleber<span class=\"ez-toc-section-end\"><\/span><\/h2>\n<p style=\"text-align: justify;\">Nicht an oder \u00fcber Ihrem Stand, sondern unmittelbar am eigentlichen Produkt &#8211; dem Fahrzeug &#8211; kommen <a href=\"https:\/\/www.hermann-direkt.de\/druckprodukte\/aufkleber\">Werbe-Aufkleber<\/a> als beliebte Form der Fahrzeugbeschriftung zur Wirkung. Sie k\u00f6nnen von kleinen, eher unscheinbaren Botschaften bis hin zur fl\u00e4chigen Beklebung von T\u00fcren, Motorhaube oder sogar Autodach reichen und neben einer klaren Botschaft \u00fcber Gestaltung und Farbgebung auch ein allgemeines Gef\u00fchl Ihrer Haltung zum Thema Automobil vermitteln. Ein Autofr\u00fchling lebt von der F\u00fclle an unterschiedlichen Designs und vermag durch den Griff zu den Aufklebern ein und dasselbe Fahrzeugmodell an unterschiedlichen St\u00e4nden oder sogar allesamt auf Ihrer Ausstellungsfl\u00e4che ganz verschieden zu inszenieren. Sowohl tempor\u00e4r als auch dauerhaft k\u00f6nnen Fahrzeugbeklebungen zeitlich befristete Aktionen bewerben oder sogar zur dauerhaften Werbebotschaft avancieren.<\/p>\n<p><a href=\"https:\/\/www.hermann-direkt.de\/autobeschriftung-wir-kaufen-ihr-auto-autoaufkleber-druck-farbe-blau\"><img loading=\"lazy\" decoding=\"async\" class=\"aligncenter wp-image-2852\" title=\"Autobeschriftung &quot;Wir kaufen Ihr Auto&quot; Autoaufkleber Druck Farbe blau\" src=\"https:\/\/www.hermann-direkt.de\/magazin\/wp-content\/uploads\/2023\/03\/Autobeschriftung-Wir-kaufen-Ihr-Auto-Autoaufkleber-Druck-Farbe-blau-2.jpg\" alt=\"Autobeschriftung &quot;Wir kaufen Ihr Auto&quot; Autoaufkleber Druck Farbe blau - zB f\u00fcr Messen wie Autofr\u00fchling\" width=\"850\" height=\"621\" srcset=\"https:\/\/www.hermann-direkt.de\/magazin\/wp-content\/uploads\/2023\/03\/Autobeschriftung-Wir-kaufen-Ihr-Auto-Autoaufkleber-Druck-Farbe-blau-2.jpg 800w, https:\/\/www.hermann-direkt.de\/magazin\/wp-content\/uploads\/2023\/03\/Autobeschriftung-Wir-kaufen-Ihr-Auto-Autoaufkleber-Druck-Farbe-blau-2-300x219.jpg 300w, https:\/\/www.hermann-direkt.de\/magazin\/wp-content\/uploads\/2023\/03\/Autobeschriftung-Wir-kaufen-Ihr-Auto-Autoaufkleber-Druck-Farbe-blau-2-768x561.jpg 768w\" sizes=\"(max-width: 850px) 100vw, 850px\" \/><\/a><\/p>\n<h2><span class=\"ez-toc-section\" id=\"Scheibenaufkleber\"><\/span>Scheibenaufkleber<span class=\"ez-toc-section-end\"><\/span><\/h2>\n<p style=\"text-align: justify;\">Im Gegensatz zu dauerhaft nutzbaren Karosseriebeklebungen sind <a href=\"https:\/\/www.hermann-direkt.de\/druckprodukte\/aufkleber\/scheibenaufkleber\">Scheibenaufkleber<\/a> ganz klar einer Ausstellung bzw. Warenpr\u00e4sentation zuzuordnen. Denn sie schr\u00e4nken das Sichtfeld vom Fahrzeuginneren heraus klar ein und dienen daher der Werbung mit stehendem Fahrzeug. Auch der Erfurter Autofr\u00fchling kommt nicht ohne plakative Kaufpreisdarstellungen, Ausweisungen von Rabatten oder anderen eindeutig benennbaren Merkmalen aus. So findet sich heute beispielsweise auch die Schadstoffklasse neben bew\u00e4hrten Kenngr\u00f6\u00dfen wie Kilometerleistung oder Motorst\u00e4rke als Beklebung auf verschiedensten Autoscheiben. Als Adh\u00e4sionskleber ohne Klebeschicht lassen sich die Beklebungen einfach anbringen und zerst\u00f6rungs- und werkzeugfrei auch wieder abnehmen. So k\u00f6nnen Sie beispielsweise rasch Kleber f\u00fcr eine Probefahrt entfernen und nachfolgend wieder anbringen.<\/p>\n<p>\u00a0 \u00a0 \u00a0 \u00a0 \u00a0 \u00a0 \u00a0<a href=\"https:\/\/www.hermann-direkt.de\/hinterglasaufkleber\"><img loading=\"lazy\" decoding=\"async\" class=\"alignnone wp-image-5519\" title=\"Hinterglasaufkleber \" src=\"https:\/\/www.hermann-direkt.de\/magazin\/wp-content\/uploads\/2020\/10\/Hinterglasaufkleber-drucken-300x300.jpg\" alt=\"Hinterglasaufkleber\" width=\"342\" height=\"342\" srcset=\"https:\/\/www.hermann-direkt.de\/magazin\/wp-content\/uploads\/2020\/10\/Hinterglasaufkleber-drucken-300x300.jpg 300w, https:\/\/www.hermann-direkt.de\/magazin\/wp-content\/uploads\/2020\/10\/Hinterglasaufkleber-drucken-1024x1024.jpg 1024w, https:\/\/www.hermann-direkt.de\/magazin\/wp-content\/uploads\/2020\/10\/Hinterglasaufkleber-drucken-150x150.jpg 150w, https:\/\/www.hermann-direkt.de\/magazin\/wp-content\/uploads\/2020\/10\/Hinterglasaufkleber-drucken-768x768.jpg 768w, https:\/\/www.hermann-direkt.de\/magazin\/wp-content\/uploads\/2020\/10\/Hinterglasaufkleber-drucken.jpg 1280w\" sizes=\"(max-width: 342px) 100vw, 342px\" \/><\/a>\u00a0 \u00a0 \u00a0 \u00a0 <a href=\"https:\/\/www.hermann-direkt.de\/aufkleber-statisch-haftend-aus-adhaesionsfolie\"><img loading=\"lazy\" decoding=\"async\" class=\"alignnone wp-image-5540\" title=\"Aufkleber statisch haftend aus Adh\u00e4sionsfolie\" src=\"https:\/\/www.hermann-direkt.de\/magazin\/wp-content\/uploads\/2021\/03\/Aufkleber-aus-Adhaesionsfolie-statisch-haftend-300x300.jpg\" alt=\"\" width=\"342\" height=\"342\" srcset=\"https:\/\/www.hermann-direkt.de\/magazin\/wp-content\/uploads\/2021\/03\/Aufkleber-aus-Adhaesionsfolie-statisch-haftend-300x300.jpg 300w, https:\/\/www.hermann-direkt.de\/magazin\/wp-content\/uploads\/2021\/03\/Aufkleber-aus-Adhaesionsfolie-statisch-haftend-1024x1024.jpg 1024w, https:\/\/www.hermann-direkt.de\/magazin\/wp-content\/uploads\/2021\/03\/Aufkleber-aus-Adhaesionsfolie-statisch-haftend-150x150.jpg 150w, https:\/\/www.hermann-direkt.de\/magazin\/wp-content\/uploads\/2021\/03\/Aufkleber-aus-Adhaesionsfolie-statisch-haftend-768x768.jpg 768w, https:\/\/www.hermann-direkt.de\/magazin\/wp-content\/uploads\/2021\/03\/Aufkleber-aus-Adhaesionsfolie-statisch-haftend.jpg 1280w\" sizes=\"(max-width: 342px) 100vw, 342px\" \/><\/a><\/p>\n<h2><span class=\"ez-toc-section\" id=\"Give-aways\"><\/span>Give-aways<span class=\"ez-toc-section-end\"><\/span><\/h2>\n<p style=\"text-align: justify;\">Abseits gro\u00dfformatiger Werbebotschaften sind <a href=\"https:\/\/www.hermann-direkt.de\/werbeartikel\/give-aways\">Give-aways<\/a> eine M\u00f6glichkeit, unmittelbar mit dem einzelnen Kunden in Kontakt zu treten. Die Linzer freuen sich ebenso, wie alle anderen Besucher, auf ihrem jeweiligen Autofr\u00fchling vom <a href=\"https:\/\/www.hermann-direkt.de\/werbeartikel\/eiskratzer\">Eiskratzer<\/a> \u00fcber die <a href=\"https:\/\/www.hermann-direkt.de\/werbeartikel\/parkscheiben\">Parkscheibe<\/a> bis hin zum klassischen <a href=\"https:\/\/www.hermann-direkt.de\/werbeartikel\/kugelschreiber\">Kugelschreiber mit Logo<\/a> praktische Andenken mit nach Hause zu nehmen. Gummib\u00e4rchen oder Schl\u00fcsselanh\u00e4nger sind dagegen eine gute M\u00f6glichkeit, auch den Nachwuchs bereits an das Thema Auto heranzuf\u00fchren und gleichzeitig die Eltern mit an den eigenen Messestand zu locken.<\/p>\n<p><a href=\"https:\/\/www.hermann-direkt.de\/parkscheibe-mit-logo-mehrfarbiger-werbedruck\"><img loading=\"lazy\" decoding=\"async\" class=\"alignnone wp-image-2862\" title=\"Parkscheibe mit 3 EK-Chips, Werbedruck mehrfarbig\" src=\"https:\/\/www.hermann-direkt.de\/magazin\/wp-content\/uploads\/2023\/03\/61850099_01-1.jpg\" alt=\"Parkscheibe mit 3 EK-Chips, Werbedruck mehrfarbig\" width=\"409\" height=\"312\" srcset=\"https:\/\/www.hermann-direkt.de\/magazin\/wp-content\/uploads\/2023\/03\/61850099_01-1.jpg 500w, https:\/\/www.hermann-direkt.de\/magazin\/wp-content\/uploads\/2023\/03\/61850099_01-1-300x229.jpg 300w\" sizes=\"(max-width: 409px) 100vw, 409px\" \/><\/a>\u00a0 \u00a0 <img loading=\"lazy\" decoding=\"async\" class=\"alignnone wp-image-2861\" title=\"Drehkugelschreiber &quot;Point&quot; - wei\u00df\" src=\"https:\/\/www.hermann-direkt.de\/magazin\/wp-content\/uploads\/2023\/03\/Drehkugelschreiber-Point-weiss-1.jpg\" alt=\"Drehkugelschreiber &quot;Point&quot; - wei\u00df\" width=\"374\" height=\"175\" srcset=\"https:\/\/www.hermann-direkt.de\/magazin\/wp-content\/uploads\/2023\/03\/Drehkugelschreiber-Point-weiss-1.jpg 500w, https:\/\/www.hermann-direkt.de\/magazin\/wp-content\/uploads\/2023\/03\/Drehkugelschreiber-Point-weiss-1-300x141.jpg 300w\" sizes=\"(max-width: 374px) 100vw, 374px\" \/><\/p>\n<h2><span class=\"ez-toc-section\" id=\"Fazit_%E2%80%93_durch_mobile_Warenpraesentation_auch_auf_Ihrem_Autofruehling_gut_ausgestattet\"><\/span>Fazit &#8211; durch mobile Warenpr\u00e4sentation auch auf Ihrem Autofr\u00fchling gut ausgestattet<span class=\"ez-toc-section-end\"><\/span><\/h2>\n<p style=\"text-align: justify;\">Vom Geraer Autofr\u00fchling bis hin zum Linzer Autofr\u00fchling locken gerade nach den kalten, tristen Wintermonaten unz\u00e4hlige Veranstaltungen K\u00e4ufer, Interessenten und Neugierige auf die Ausstellungsfl\u00e4chen der lokalen Messen. Stechen Sie gekonnt aus der Masse der Anbieter heraus, indem Sie gezielt mobile Werbema\u00dfnahmen einsetzen, um Ihre Marke und Ihr Unternehmen ins rechte Licht zu r\u00fccken. Von der Fahne \u00fcber Aufkleber bis hin zum Werbegeschenk k\u00f6nnen Sie mit einfachen Mitteln immer wieder neu mit Ihren Kunden in Kontakt treten.<\/p>\n","protected":false},"excerpt":{"rendered":"<p>\u00ab Mobile Warenpr\u00e4sentation f\u00fcr Autoh\u00e4ndler \u00bb Mit dem Ende des Winters kommt die Zeit der Messen und Verkaufspr\u00e4sentationen. In der Automobilbranche lockt mancherorts der sogenannte Autofr\u00fchling. Ob Bad Schalbacher, Bayreuther oder Geraer Autofr\u00fchling, \u00fcberall buhlen unz\u00e4hlige H\u00e4ndler und Hersteller um die Gunst der Kunden. Damit gerade Ihre Dienstleistungen, Produkte und nat\u00fcrlich auch Fahrzeuge optimal in &hellip;<\/p>\n","protected":false},"author":1,"featured_media":2811,"comment_status":"closed","ping_status":"open","sticky":false,"template":"","format":"standard","meta":{"footnotes":""},"categories":[3],"tags":[485,484,483,488,425,490,487,489,486,491],"class_list":["post-2806","post","type-post","status-publish","format-standard","has-post-thumbnail","","category-werbung","tag-auto-ausstellung","tag-auto-show","tag-autofruehling","tag-autohaendler","tag-beachflags","tag-exhibition","tag-mobile-warenpraesentation","tag-prfessionelle-werbung","tag-werbemassnahmen","tag-werbemesse"],"yoast_head":"<!-- This site is optimized with the Yoast SEO plugin v23.2 - https:\/\/yoast.com\/wordpress\/plugins\/seo\/ -->\n<title>Autofr\u00fchling - HERMANN Fachversand<\/title>\n<meta name=\"description\" content=\"Das Hermann-Direkt Magazin zeigt, wie mobile Warenpr\u00e4sentation\u2714 professionell &amp; werbewirksam klare Vorteile auf Events, wie dem Autofr\u00fchling sichert!\" \/>\n<meta name=\"robots\" content=\"noindex, follow\" \/>\n<meta property=\"og:locale\" content=\"de_DE\" \/>\n<meta property=\"og:type\" content=\"article\" \/>\n<meta property=\"og:title\" content=\"Autofr\u00fchling - HERMANN Fachversand\" \/>\n<meta property=\"og:description\" content=\"Das Hermann-Direkt Magazin zeigt, wie mobile Warenpr\u00e4sentation\u2714 professionell &amp; werbewirksam klare Vorteile auf Events, wie dem Autofr\u00fchling sichert!\" \/>\n<meta property=\"og:url\" content=\"https:\/\/www.hermann-direkt.de\/magazin\/autofruehling\/\" \/>\n<meta property=\"og:site_name\" content=\"HERMANN Fachversand\" \/>\n<meta property=\"article:published_time\" content=\"2021-03-11T07:30:51+00:00\" \/>\n<meta property=\"article:modified_time\" content=\"2025-11-11T08:04:55+00:00\" \/>\n<meta property=\"og:image\" content=\"https:\/\/www.hermann-direkt.de\/magazin\/wp-content\/uploads\/2023\/03\/Fruehling-Auto.jpg\" \/>\n\t<meta property=\"og:image:width\" content=\"900\" \/>\n\t<meta property=\"og:image:height\" content=\"535\" \/>\n\t<meta property=\"og:image:type\" content=\"image\/jpeg\" \/>\n<meta name=\"author\" content=\"arboro\" \/>\n<meta name=\"twitter:card\" content=\"summary_large_image\" \/>\n<meta name=\"twitter:label1\" content=\"Verfasst von\" \/>\n\t<meta name=\"twitter:data1\" content=\"arboro\" \/>\n\t<meta name=\"twitter:label2\" content=\"Gesch\u00e4tzte Lesezeit\" \/>\n\t<meta name=\"twitter:data2\" content=\"8\u00a0Minuten\" \/>\n<script type=\"application\/ld+json\" class=\"yoast-schema-graph\">{\"@context\":\"https:\/\/schema.org\",\"@graph\":[{\"@type\":\"WebPage\",\"@id\":\"https:\/\/www.hermann-direkt.de\/magazin\/autofruehling\/\",\"url\":\"https:\/\/www.hermann-direkt.de\/magazin\/autofruehling\/\",\"name\":\"Autofr\u00fchling - HERMANN Fachversand\",\"isPartOf\":{\"@id\":\"https:\/\/www.hermann-direkt.de\/magazin\/#website\"},\"primaryImageOfPage\":{\"@id\":\"https:\/\/www.hermann-direkt.de\/magazin\/autofruehling\/#primaryimage\"},\"image\":{\"@id\":\"https:\/\/www.hermann-direkt.de\/magazin\/autofruehling\/#primaryimage\"},\"thumbnailUrl\":\"https:\/\/www.hermann-direkt.de\/magazin\/wp-content\/uploads\/2023\/03\/Fruehling-Auto.jpg\",\"datePublished\":\"2021-03-11T07:30:51+00:00\",\"dateModified\":\"2025-11-11T08:04:55+00:00\",\"author\":{\"@id\":\"https:\/\/www.hermann-direkt.de\/magazin\/#\/schema\/person\/d6d6de3468686f9fc5e5152f403cd1ef\"},\"description\":\"Das Hermann-Direkt Magazin zeigt, wie mobile Warenpr\u00e4sentation\u2714 professionell & werbewirksam klare Vorteile auf Events, wie dem Autofr\u00fchling sichert!\",\"breadcrumb\":{\"@id\":\"https:\/\/www.hermann-direkt.de\/magazin\/autofruehling\/#breadcrumb\"},\"inLanguage\":\"de\",\"potentialAction\":[{\"@type\":\"ReadAction\",\"target\":[\"https:\/\/www.hermann-direkt.de\/magazin\/autofruehling\/\"]}]},{\"@type\":\"ImageObject\",\"inLanguage\":\"de\",\"@id\":\"https:\/\/www.hermann-direkt.de\/magazin\/autofruehling\/#primaryimage\",\"url\":\"https:\/\/www.hermann-direkt.de\/magazin\/wp-content\/uploads\/2023\/03\/Fruehling-Auto.jpg\",\"contentUrl\":\"https:\/\/www.hermann-direkt.de\/magazin\/wp-content\/uploads\/2023\/03\/Fruehling-Auto.jpg\",\"width\":900,\"height\":535,\"caption\":\"\u00a9 Konstantin Yolshin - stock.adobe.com\"},{\"@type\":\"BreadcrumbList\",\"@id\":\"https:\/\/www.hermann-direkt.de\/magazin\/autofruehling\/#breadcrumb\",\"itemListElement\":[{\"@type\":\"ListItem\",\"position\":1,\"name\":\"Startseite\",\"item\":\"https:\/\/www.hermann-direkt.de\/magazin\/\"},{\"@type\":\"ListItem\",\"position\":2,\"name\":\"Autofr\u00fchling\"}]},{\"@type\":\"WebSite\",\"@id\":\"https:\/\/www.hermann-direkt.de\/magazin\/#website\",\"url\":\"https:\/\/www.hermann-direkt.de\/magazin\/\",\"name\":\"HERMANN Fachversand\",\"description\":\"\",\"potentialAction\":[{\"@type\":\"SearchAction\",\"target\":{\"@type\":\"EntryPoint\",\"urlTemplate\":\"https:\/\/www.hermann-direkt.de\/magazin\/?s={search_term_string}\"},\"query-input\":\"required name=search_term_string\"}],\"inLanguage\":\"de\"},{\"@type\":\"Person\",\"@id\":\"https:\/\/www.hermann-direkt.de\/magazin\/#\/schema\/person\/d6d6de3468686f9fc5e5152f403cd1ef\",\"name\":\"arboro\",\"image\":{\"@type\":\"ImageObject\",\"inLanguage\":\"de\",\"@id\":\"https:\/\/www.hermann-direkt.de\/magazin\/#\/schema\/person\/image\/\",\"url\":\"https:\/\/secure.gravatar.com\/avatar\/a794a4fe8a9b9c52241597eb381dfa2e?s=96&d=mm&r=g\",\"contentUrl\":\"https:\/\/secure.gravatar.com\/avatar\/a794a4fe8a9b9c52241597eb381dfa2e?s=96&d=mm&r=g\",\"caption\":\"arboro\"}}]}<\/script>\n<!-- \/ Yoast SEO plugin. -->","yoast_head_json":{"title":"Autofr\u00fchling - HERMANN Fachversand","description":"Das Hermann-Direkt Magazin zeigt, wie mobile Warenpr\u00e4sentation\u2714 professionell & werbewirksam klare Vorteile auf Events, wie dem Autofr\u00fchling sichert!","robots":{"index":"noindex","follow":"follow"},"og_locale":"de_DE","og_type":"article","og_title":"Autofr\u00fchling - HERMANN Fachversand","og_description":"Das Hermann-Direkt Magazin zeigt, wie mobile Warenpr\u00e4sentation\u2714 professionell & werbewirksam klare Vorteile auf Events, wie dem Autofr\u00fchling sichert!","og_url":"https:\/\/www.hermann-direkt.de\/magazin\/autofruehling\/","og_site_name":"HERMANN Fachversand","article_published_time":"2021-03-11T07:30:51+00:00","article_modified_time":"2025-11-11T08:04:55+00:00","og_image":[{"width":900,"height":535,"url":"https:\/\/www.hermann-direkt.de\/magazin\/wp-content\/uploads\/2023\/03\/Fruehling-Auto.jpg","type":"image\/jpeg"}],"author":"arboro","twitter_card":"summary_large_image","twitter_misc":{"Verfasst von":"arboro","Gesch\u00e4tzte Lesezeit":"8\u00a0Minuten"},"schema":{"@context":"https:\/\/schema.org","@graph":[{"@type":"WebPage","@id":"https:\/\/www.hermann-direkt.de\/magazin\/autofruehling\/","url":"https:\/\/www.hermann-direkt.de\/magazin\/autofruehling\/","name":"Autofr\u00fchling - HERMANN Fachversand","isPartOf":{"@id":"https:\/\/www.hermann-direkt.de\/magazin\/#website"},"primaryImageOfPage":{"@id":"https:\/\/www.hermann-direkt.de\/magazin\/autofruehling\/#primaryimage"},"image":{"@id":"https:\/\/www.hermann-direkt.de\/magazin\/autofruehling\/#primaryimage"},"thumbnailUrl":"https:\/\/www.hermann-direkt.de\/magazin\/wp-content\/uploads\/2023\/03\/Fruehling-Auto.jpg","datePublished":"2021-03-11T07:30:51+00:00","dateModified":"2025-11-11T08:04:55+00:00","author":{"@id":"https:\/\/www.hermann-direkt.de\/magazin\/#\/schema\/person\/d6d6de3468686f9fc5e5152f403cd1ef"},"description":"Das Hermann-Direkt Magazin zeigt, wie mobile Warenpr\u00e4sentation\u2714 professionell & werbewirksam klare Vorteile auf Events, wie dem Autofr\u00fchling sichert!","breadcrumb":{"@id":"https:\/\/www.hermann-direkt.de\/magazin\/autofruehling\/#breadcrumb"},"inLanguage":"de","potentialAction":[{"@type":"ReadAction","target":["https:\/\/www.hermann-direkt.de\/magazin\/autofruehling\/"]}]},{"@type":"ImageObject","inLanguage":"de","@id":"https:\/\/www.hermann-direkt.de\/magazin\/autofruehling\/#primaryimage","url":"https:\/\/www.hermann-direkt.de\/magazin\/wp-content\/uploads\/2023\/03\/Fruehling-Auto.jpg","contentUrl":"https:\/\/www.hermann-direkt.de\/magazin\/wp-content\/uploads\/2023\/03\/Fruehling-Auto.jpg","width":900,"height":535,"caption":"\u00a9 Konstantin Yolshin - stock.adobe.com"},{"@type":"BreadcrumbList","@id":"https:\/\/www.hermann-direkt.de\/magazin\/autofruehling\/#breadcrumb","itemListElement":[{"@type":"ListItem","position":1,"name":"Startseite","item":"https:\/\/www.hermann-direkt.de\/magazin\/"},{"@type":"ListItem","position":2,"name":"Autofr\u00fchling"}]},{"@type":"WebSite","@id":"https:\/\/www.hermann-direkt.de\/magazin\/#website","url":"https:\/\/www.hermann-direkt.de\/magazin\/","name":"HERMANN Fachversand","description":"","potentialAction":[{"@type":"SearchAction","target":{"@type":"EntryPoint","urlTemplate":"https:\/\/www.hermann-direkt.de\/magazin\/?s={search_term_string}"},"query-input":"required name=search_term_string"}],"inLanguage":"de"},{"@type":"Person","@id":"https:\/\/www.hermann-direkt.de\/magazin\/#\/schema\/person\/d6d6de3468686f9fc5e5152f403cd1ef","name":"arboro","image":{"@type":"ImageObject","inLanguage":"de","@id":"https:\/\/www.hermann-direkt.de\/magazin\/#\/schema\/person\/image\/","url":"https:\/\/secure.gravatar.com\/avatar\/a794a4fe8a9b9c52241597eb381dfa2e?s=96&d=mm&r=g","contentUrl":"https:\/\/secure.gravatar.com\/avatar\/a794a4fe8a9b9c52241597eb381dfa2e?s=96&d=mm&r=g","caption":"arboro"}}]}},"_links":{"self":[{"href":"https:\/\/www.hermann-direkt.de\/magazin\/wp-json\/wp\/v2\/posts\/2806"}],"collection":[{"href":"https:\/\/www.hermann-direkt.de\/magazin\/wp-json\/wp\/v2\/posts"}],"about":[{"href":"https:\/\/www.hermann-direkt.de\/magazin\/wp-json\/wp\/v2\/types\/post"}],"author":[{"embeddable":true,"href":"https:\/\/www.hermann-direkt.de\/magazin\/wp-json\/wp\/v2\/users\/1"}],"replies":[{"embeddable":true,"href":"https:\/\/www.hermann-direkt.de\/magazin\/wp-json\/wp\/v2\/comments?post=2806"}],"version-history":[{"count":54,"href":"https:\/\/www.hermann-direkt.de\/magazin\/wp-json\/wp\/v2\/posts\/2806\/revisions"}],"predecessor-version":[{"id":2812,"href":"https:\/\/www.hermann-direkt.de\/magazin\/wp-json\/wp\/v2\/posts\/2806\/revisions\/2812"}],"wp:featuredmedia":[{"embeddable":true,"href":"https:\/\/www.hermann-direkt.de\/magazin\/wp-json\/wp\/v2\/media\/2811"}],"wp:attachment":[{"href":"https:\/\/www.hermann-direkt.de\/magazin\/wp-json\/wp\/v2\/media?parent=2806"}],"wp:term":[{"taxonomy":"category","embeddable":true,"href":"https:\/\/www.hermann-direkt.de\/magazin\/wp-json\/wp\/v2\/categories?post=2806"},{"taxonomy":"post_tag","embeddable":true,"href":"https:\/\/www.hermann-direkt.de\/magazin\/wp-json\/wp\/v2\/tags?post=2806"}],"curies":[{"name":"wp","href":"https:\/\/api.w.org\/{rel}","templated":true}]}}